{"id":979,"date":"2023-07-06T22:01:26","date_gmt":"2023-07-06T20:01:26","guid":{"rendered":"https:\/\/se-ret.org\/?p=979"},"modified":"2023-07-06T22:05:28","modified_gmt":"2023-07-06T20:05:28","slug":"grabacion-de-la-sexta-sesion-del-iii-ciclo-de-conferencias-como-bien-sabia-aristoteles-dos-no-argumentan-si-uno-no-quiere","status":"publish","type":"post","link":"https:\/\/se-ret.org\/index.php\/2023\/07\/06\/grabacion-de-la-sexta-sesion-del-iii-ciclo-de-conferencias-como-bien-sabia-aristoteles-dos-no-argumentan-si-uno-no-quiere\/","title":{"rendered":"GRABACI\u00d3N DE LA SEXTA SESI\u00d3N DEL III CICLO DE CONFERENCIAS: \u00abCOMO BIEN SAB\u00cdA ARIST\u00d3TELES, DOS NO ARGUMENTAN SI UNO NO QUIERE\u00bb"},"content":{"rendered":"\n<p>Nos alegra compartir la grabaci\u00f3n de la sexta sesi\u00f3n del III Ciclo de Conferencias de la SE-Ret, con la conferencia de la Dra. Paula Olmos (UAM): \u201cComo bien sab\u00eda Arist\u00f3teles, dos no argumentan si uno no quiere\u201d, que ya est\u00e1 disponible en nuestro canal de Youtube.<\/p>\n\n\n\n<figure class=\"wp-block-embed is-type-video is-provider-youtube wp-block-embed-youtube wp-embed-aspect-16-9 wp-has-aspect-ratio\"><div class=\"wp-block-embed__wrapper\">\n<div class='avia-iframe-wrap'><iframe loading=\"lazy\" title=\"Dra. Paula Olmos (UAM): \u201cComo bien sab\u00eda Arist\u00f3teles, dos no argumentan si uno no quiere&quot;\" width=\"1500\" height=\"844\" src=\"https:\/\/www.youtube.com\/embed\/FnL5t5bzojc?feature=oembed\" frameborder=\"0\" allow=\"accelerometer; autoplay; clipboard-write; encrypted-media; gyroscope; picture-in-picture; web-share\" allowfullscreen><\/iframe><\/div>\n<\/div><\/figure>\n","protected":false},"excerpt":{"rendered":"<p>Nos alegra compartir la grabaci\u00f3n de la sexta sesi\u00f3n del III Ciclo de Conferencias de la SE-Ret, con la conferencia de la Dra. Paula Olmos (UAM): \u201cComo bien sab\u00eda Arist\u00f3teles, dos no argumentan si uno no quiere\u201d, que ya est\u00e1 disponible en nuestro canal de Youtube.<\/p>\n","protected":false},"author":2,"featured_media":970,"comment_status":"closed","ping_status":"closed","sticky":false,"template":"","format":"standard","meta":[],"categories":[1],"tags":[],"yoast_head":"<!-- This site is optimized with the Yoast SEO plugin v18.6 - https:\/\/yoast.com\/wordpress\/plugins\/seo\/ -->\n<title>GRABACI\u00d3N DE LA SEXTA SESI\u00d3N DEL III CICLO DE CONFERENCIAS: &quot;COMO BIEN SAB\u00cdA ARIST\u00d3TELES, DOS NO ARGUMENTAN SI UNO NO QUIERE&quot; - SE-RET. Sociedad Espa\u00f1ola de Ret\u00f3rica<\/title>\n<meta name=\"robots\" content=\"index, follow, max-snippet:-1, max-image-preview:large, max-video-preview:-1\" \/>\n<link rel=\"canonical\" href=\"https:\/\/se-ret.org\/index.php\/2023\/07\/06\/grabacion-de-la-sexta-sesion-del-iii-ciclo-de-conferencias-como-bien-sabia-aristoteles-dos-no-argumentan-si-uno-no-quiere\/\" \/>\n<meta property=\"og:locale\" content=\"es_ES\" \/>\n<meta property=\"og:type\" content=\"article\" \/>\n<meta property=\"og:title\" content=\"GRABACI\u00d3N DE LA SEXTA SESI\u00d3N DEL III CICLO DE CONFERENCIAS: &quot;COMO BIEN SAB\u00cdA ARIST\u00d3TELES, DOS NO ARGUMENTAN SI UNO NO QUIERE&quot; - SE-RET. Sociedad Espa\u00f1ola de Ret\u00f3rica\" \/>\n<meta property=\"og:description\" content=\"Nos alegra compartir la grabaci\u00f3n de la sexta sesi\u00f3n del III Ciclo de Conferencias de la SE-Ret, con la conferencia de la Dra. Paula Olmos (UAM): \u201cComo bien sab\u00eda Arist\u00f3teles, dos no argumentan si uno no quiere\u201d, que ya est\u00e1 disponible en nuestro canal de Youtube.\" \/>\n<meta property=\"og:url\" content=\"https:\/\/se-ret.org\/index.php\/2023\/07\/06\/grabacion-de-la-sexta-sesion-del-iii-ciclo-de-conferencias-como-bien-sabia-aristoteles-dos-no-argumentan-si-uno-no-quiere\/\" \/>\n<meta property=\"og:site_name\" content=\"SE-RET. Sociedad Espa\u00f1ola de Ret\u00f3rica\" \/>\n<meta property=\"article:published_time\" content=\"2023-07-06T20:01:26+00:00\" \/>\n<meta property=\"article:modified_time\" content=\"2023-07-06T20:05:28+00:00\" \/>\n<meta property=\"og:image\" content=\"https:\/\/se-ret.org\/wp-content\/uploads\/2023\/06\/paula-olmos.jpg\" \/>\n\t<meta property=\"og:image:width\" content=\"866\" \/>\n\t<meta property=\"og:image:height\" content=\"613\" \/>\n\t<meta property=\"og:image:type\" content=\"image\/jpeg\" \/>\n<meta name=\"twitter:card\" content=\"summary_large_image\" \/>\n<meta name=\"twitter:label1\" content=\"Escrito por\" \/>\n\t<meta name=\"twitter:data1\" content=\"Secretar\u00eda SE-Ret\" \/>\n\t<meta name=\"twitter:label2\" content=\"Tiempo de lectura\" \/>\n\t<meta name=\"twitter:data2\" content=\"1 minuto\" \/>\n<script type=\"application\/ld+json\" class=\"yoast-schema-graph\">{\"@context\":\"https:\/\/schema.org\",\"@graph\":[{\"@type\":\"WebSite\",\"@id\":\"https:\/\/se-ret.org\/#website\",\"url\":\"https:\/\/se-ret.org\/\",\"name\":\"SE-RET. Sociedad Espa\u00f1ola de Ret\u00f3rica\",\"description\":\"\",\"potentialAction\":[{\"@type\":\"SearchAction\",\"target\":{\"@type\":\"EntryPoint\",\"urlTemplate\":\"https:\/\/se-ret.org\/?s={search_term_string}\"},\"query-input\":\"required name=search_term_string\"}],\"inLanguage\":\"es\"},{\"@type\":\"ImageObject\",\"@id\":\"https:\/\/se-ret.org\/index.php\/2023\/07\/06\/grabacion-de-la-sexta-sesion-del-iii-ciclo-de-conferencias-como-bien-sabia-aristoteles-dos-no-argumentan-si-uno-no-quiere\/#primaryimage\",\"inLanguage\":\"es\",\"url\":\"https:\/\/se-ret.org\/wp-content\/uploads\/2023\/06\/paula-olmos.jpg\",\"contentUrl\":\"https:\/\/se-ret.org\/wp-content\/uploads\/2023\/06\/paula-olmos.jpg\",\"width\":866,\"height\":613},{\"@type\":\"WebPage\",\"@id\":\"https:\/\/se-ret.org\/index.php\/2023\/07\/06\/grabacion-de-la-sexta-sesion-del-iii-ciclo-de-conferencias-como-bien-sabia-aristoteles-dos-no-argumentan-si-uno-no-quiere\/#webpage\",\"url\":\"https:\/\/se-ret.org\/index.php\/2023\/07\/06\/grabacion-de-la-sexta-sesion-del-iii-ciclo-de-conferencias-como-bien-sabia-aristoteles-dos-no-argumentan-si-uno-no-quiere\/\",\"name\":\"GRABACI\u00d3N DE LA SEXTA SESI\u00d3N DEL III CICLO DE CONFERENCIAS: \\\"COMO BIEN SAB\u00cdA ARIST\u00d3TELES, DOS NO ARGUMENTAN SI UNO NO QUIERE\\\" - SE-RET. Sociedad Espa\u00f1ola de Ret\u00f3rica\",\"isPartOf\":{\"@id\":\"https:\/\/se-ret.org\/#website\"},\"primaryImageOfPage\":{\"@id\":\"https:\/\/se-ret.org\/index.php\/2023\/07\/06\/grabacion-de-la-sexta-sesion-del-iii-ciclo-de-conferencias-como-bien-sabia-aristoteles-dos-no-argumentan-si-uno-no-quiere\/#primaryimage\"},\"datePublished\":\"2023-07-06T20:01:26+00:00\",\"dateModified\":\"2023-07-06T20:05:28+00:00\",\"author\":{\"@id\":\"https:\/\/se-ret.org\/#\/schema\/person\/a75788006f9b0bd21acb5ac502d4c3a3\"},\"breadcrumb\":{\"@id\":\"https:\/\/se-ret.org\/index.php\/2023\/07\/06\/grabacion-de-la-sexta-sesion-del-iii-ciclo-de-conferencias-como-bien-sabia-aristoteles-dos-no-argumentan-si-uno-no-quiere\/#breadcrumb\"},\"inLanguage\":\"es\",\"potentialAction\":[{\"@type\":\"ReadAction\",\"target\":[\"https:\/\/se-ret.org\/index.php\/2023\/07\/06\/grabacion-de-la-sexta-sesion-del-iii-ciclo-de-conferencias-como-bien-sabia-aristoteles-dos-no-argumentan-si-uno-no-quiere\/\"]}]},{\"@type\":\"BreadcrumbList\",\"@id\":\"https:\/\/se-ret.org\/index.php\/2023\/07\/06\/grabacion-de-la-sexta-sesion-del-iii-ciclo-de-conferencias-como-bien-sabia-aristoteles-dos-no-argumentan-si-uno-no-quiere\/#breadcrumb\",\"itemListElement\":[{\"@type\":\"ListItem\",\"position\":1,\"name\":\"Portada\",\"item\":\"https:\/\/se-ret.org\/index.php\/noticias\/\"},{\"@type\":\"ListItem\",\"position\":2,\"name\":\"GRABACI\u00d3N DE LA SEXTA SESI\u00d3N DEL III CICLO DE CONFERENCIAS: \u00abCOMO BIEN SAB\u00cdA ARIST\u00d3TELES, DOS NO ARGUMENTAN SI UNO NO QUIERE\u00bb\"}]},{\"@type\":\"Person\",\"@id\":\"https:\/\/se-ret.org\/#\/schema\/person\/a75788006f9b0bd21acb5ac502d4c3a3\",\"name\":\"Secretar\u00eda SE-Ret\",\"url\":\"https:\/\/se-ret.org\/index.php\/author\/dahdelafuente\/\"}]}<\/script>\n<!-- \/ Yoast SEO plugin. -->","yoast_head_json":{"title":"GRABACI\u00d3N DE LA SEXTA SESI\u00d3N DEL III CICLO DE CONFERENCIAS: \"COMO BIEN SAB\u00cdA ARIST\u00d3TELES, DOS NO ARGUMENTAN SI UNO NO QUIERE\" - SE-RET. Sociedad Espa\u00f1ola de Ret\u00f3rica","robots":{"index":"index","follow":"follow","max-snippet":"max-snippet:-1","max-image-preview":"max-image-preview:large","max-video-preview":"max-video-preview:-1"},"canonical":"https:\/\/se-ret.org\/index.php\/2023\/07\/06\/grabacion-de-la-sexta-sesion-del-iii-ciclo-de-conferencias-como-bien-sabia-aristoteles-dos-no-argumentan-si-uno-no-quiere\/","og_locale":"es_ES","og_type":"article","og_title":"GRABACI\u00d3N DE LA SEXTA SESI\u00d3N DEL III CICLO DE CONFERENCIAS: \"COMO BIEN SAB\u00cdA ARIST\u00d3TELES, DOS NO ARGUMENTAN SI UNO NO QUIERE\" - SE-RET. Sociedad Espa\u00f1ola de Ret\u00f3rica","og_description":"Nos alegra compartir la grabaci\u00f3n de la sexta sesi\u00f3n del III Ciclo de Conferencias de la SE-Ret, con la conferencia de la Dra. Paula Olmos (UAM): \u201cComo bien sab\u00eda Arist\u00f3teles, dos no argumentan si uno no quiere\u201d, que ya est\u00e1 disponible en nuestro canal de Youtube.","og_url":"https:\/\/se-ret.org\/index.php\/2023\/07\/06\/grabacion-de-la-sexta-sesion-del-iii-ciclo-de-conferencias-como-bien-sabia-aristoteles-dos-no-argumentan-si-uno-no-quiere\/","og_site_name":"SE-RET. Sociedad Espa\u00f1ola de Ret\u00f3rica","article_published_time":"2023-07-06T20:01:26+00:00","article_modified_time":"2023-07-06T20:05:28+00:00","og_image":[{"width":866,"height":613,"url":"https:\/\/se-ret.org\/wp-content\/uploads\/2023\/06\/paula-olmos.jpg","type":"image\/jpeg"}],"twitter_card":"summary_large_image","twitter_misc":{"Escrito por":"Secretar\u00eda SE-Ret","Tiempo de lectura":"1 minuto"},"schema":{"@context":"https:\/\/schema.org","@graph":[{"@type":"WebSite","@id":"https:\/\/se-ret.org\/#website","url":"https:\/\/se-ret.org\/","name":"SE-RET. Sociedad Espa\u00f1ola de Ret\u00f3rica","description":"","potentialAction":[{"@type":"SearchAction","target":{"@type":"EntryPoint","urlTemplate":"https:\/\/se-ret.org\/?s={search_term_string}"},"query-input":"required name=search_term_string"}],"inLanguage":"es"},{"@type":"ImageObject","@id":"https:\/\/se-ret.org\/index.php\/2023\/07\/06\/grabacion-de-la-sexta-sesion-del-iii-ciclo-de-conferencias-como-bien-sabia-aristoteles-dos-no-argumentan-si-uno-no-quiere\/#primaryimage","inLanguage":"es","url":"https:\/\/se-ret.org\/wp-content\/uploads\/2023\/06\/paula-olmos.jpg","contentUrl":"https:\/\/se-ret.org\/wp-content\/uploads\/2023\/06\/paula-olmos.jpg","width":866,"height":613},{"@type":"WebPage","@id":"https:\/\/se-ret.org\/index.php\/2023\/07\/06\/grabacion-de-la-sexta-sesion-del-iii-ciclo-de-conferencias-como-bien-sabia-aristoteles-dos-no-argumentan-si-uno-no-quiere\/#webpage","url":"https:\/\/se-ret.org\/index.php\/2023\/07\/06\/grabacion-de-la-sexta-sesion-del-iii-ciclo-de-conferencias-como-bien-sabia-aristoteles-dos-no-argumentan-si-uno-no-quiere\/","name":"GRABACI\u00d3N DE LA SEXTA SESI\u00d3N DEL III CICLO DE CONFERENCIAS: \"COMO BIEN SAB\u00cdA ARIST\u00d3TELES, DOS NO ARGUMENTAN SI UNO NO QUIERE\" - SE-RET. Sociedad Espa\u00f1ola de Ret\u00f3rica","isPartOf":{"@id":"https:\/\/se-ret.org\/#website"},"primaryImageOfPage":{"@id":"https:\/\/se-ret.org\/index.php\/2023\/07\/06\/grabacion-de-la-sexta-sesion-del-iii-ciclo-de-conferencias-como-bien-sabia-aristoteles-dos-no-argumentan-si-uno-no-quiere\/#primaryimage"},"datePublished":"2023-07-06T20:01:26+00:00","dateModified":"2023-07-06T20:05:28+00:00","author":{"@id":"https:\/\/se-ret.org\/#\/schema\/person\/a75788006f9b0bd21acb5ac502d4c3a3"},"breadcrumb":{"@id":"https:\/\/se-ret.org\/index.php\/2023\/07\/06\/grabacion-de-la-sexta-sesion-del-iii-ciclo-de-conferencias-como-bien-sabia-aristoteles-dos-no-argumentan-si-uno-no-quiere\/#breadcrumb"},"inLanguage":"es","potentialAction":[{"@type":"ReadAction","target":["https:\/\/se-ret.org\/index.php\/2023\/07\/06\/grabacion-de-la-sexta-sesion-del-iii-ciclo-de-conferencias-como-bien-sabia-aristoteles-dos-no-argumentan-si-uno-no-quiere\/"]}]},{"@type":"BreadcrumbList","@id":"https:\/\/se-ret.org\/index.php\/2023\/07\/06\/grabacion-de-la-sexta-sesion-del-iii-ciclo-de-conferencias-como-bien-sabia-aristoteles-dos-no-argumentan-si-uno-no-quiere\/#breadcrumb","itemListElement":[{"@type":"ListItem","position":1,"name":"Portada","item":"https:\/\/se-ret.org\/index.php\/noticias\/"},{"@type":"ListItem","position":2,"name":"GRABACI\u00d3N DE LA SEXTA SESI\u00d3N DEL III CICLO DE CONFERENCIAS: \u00abCOMO BIEN SAB\u00cdA ARIST\u00d3TELES, DOS NO ARGUMENTAN SI UNO NO QUIERE\u00bb"}]},{"@type":"Person","@id":"https:\/\/se-ret.org\/#\/schema\/person\/a75788006f9b0bd21acb5ac502d4c3a3","name":"Secretar\u00eda SE-Ret","url":"https:\/\/se-ret.org\/index.php\/author\/dahdelafuente\/"}]}},"_links":{"self":[{"href":"https:\/\/se-ret.org\/index.php\/wp-json\/wp\/v2\/posts\/979"}],"collection":[{"href":"https:\/\/se-ret.org\/index.php\/wp-json\/wp\/v2\/posts"}],"about":[{"href":"https:\/\/se-ret.org\/index.php\/wp-json\/wp\/v2\/types\/post"}],"author":[{"embeddable":true,"href":"https:\/\/se-ret.org\/index.php\/wp-json\/wp\/v2\/users\/2"}],"replies":[{"embeddable":true,"href":"https:\/\/se-ret.org\/index.php\/wp-json\/wp\/v2\/comments?post=979"}],"version-history":[{"count":2,"href":"https:\/\/se-ret.org\/index.php\/wp-json\/wp\/v2\/posts\/979\/revisions"}],"predecessor-version":[{"id":982,"href":"https:\/\/se-ret.org\/index.php\/wp-json\/wp\/v2\/posts\/979\/revisions\/982"}],"wp:featuredmedia":[{"embeddable":true,"href":"https:\/\/se-ret.org\/index.php\/wp-json\/wp\/v2\/media\/970"}],"wp:attachment":[{"href":"https:\/\/se-ret.org\/index.php\/wp-json\/wp\/v2\/media?parent=979"}],"wp:term":[{"taxonomy":"category","embeddable":true,"href":"https:\/\/se-ret.org\/index.php\/wp-json\/wp\/v2\/categories?post=979"},{"taxonomy":"post_tag","embeddable":true,"href":"https:\/\/se-ret.org\/index.php\/wp-json\/wp\/v2\/tags?post=979"}],"curies":[{"name":"wp","href":"https:\/\/api.w.org\/{rel}","templated":true}]}}