{"id":963,"date":"2023-06-13T22:11:54","date_gmt":"2023-06-13T20:11:54","guid":{"rendered":"https:\/\/se-ret.org\/?p=963"},"modified":"2023-07-06T20:58:36","modified_gmt":"2023-07-06T18:58:36","slug":"revista-espanola-de-retorica-no1-llamada-a-la-participacion","status":"publish","type":"post","link":"https:\/\/se-ret.org\/index.php\/2023\/06\/13\/revista-espanola-de-retorica-no1-llamada-a-la-participacion\/","title":{"rendered":"Revista Espa\u00f1ola de Ret\u00f3rica n\u00ba1: Llamada a la participaci\u00f3n"},"content":{"rendered":"\n<p>Se abre el plazo de recepci\u00f3n de art\u00edculos para el n\u00famero 1 de la\u00a0<em>Revista Espa\u00f1ola de Ret\u00f3rica,\u00a0<\/em>que se dedicar\u00e1 a la memoria de Manuel L\u00f3pez Mu\u00f1oz.\u00a0 Dicho plazo se cerrar\u00e1 el 30 de noviembre. Los env\u00edos de originales deber\u00e1n hacerse a trav\u00e9s de la web de la\u00a0<a href=\"https:\/\/ojs.ual.es\/ojs\/index.php\/RER\" target=\"_blank\" rel=\"noreferrer noopener\">Revista Espa\u00f1ola de Ret\u00f3rica<\/a>, siguiendo las instrucciones que all\u00ed se indican.<\/p>\n","protected":false},"excerpt":{"rendered":"<p>Se abre el plazo de recepci\u00f3n de art\u00edculos para el n\u00famero 1 de la\u00a0Revista Espa\u00f1ola de Ret\u00f3rica,\u00a0que se dedicar\u00e1 a la memoria de Manuel L\u00f3pez Mu\u00f1oz.\u00a0 Dicho plazo se cerrar\u00e1 el 30 de noviembre. Los env\u00edos de originales deber\u00e1n hacerse a trav\u00e9s de la web de la\u00a0Revista Espa\u00f1ola de Ret\u00f3rica, siguiendo las instrucciones que all\u00ed [&hellip;]<\/p>\n","protected":false},"author":2,"featured_media":964,"comment_status":"closed","ping_status":"closed","sticky":false,"template":"","format":"standard","meta":[],"categories":[1],"tags":[],"yoast_head":"<!-- This site is optimized with the Yoast SEO plugin v18.6 - https:\/\/yoast.com\/wordpress\/plugins\/seo\/ -->\n<title>Revista Espa\u00f1ola de Ret\u00f3rica n\u00ba1: Llamada a la participaci\u00f3n - SE-RET. Sociedad Espa\u00f1ola de Ret\u00f3rica<\/title>\n<meta name=\"robots\" content=\"index, follow, max-snippet:-1, max-image-preview:large, max-video-preview:-1\" \/>\n<link rel=\"canonical\" href=\"https:\/\/se-ret.org\/index.php\/2023\/06\/13\/revista-espanola-de-retorica-no1-llamada-a-la-participacion\/\" \/>\n<meta property=\"og:locale\" content=\"es_ES\" \/>\n<meta property=\"og:type\" content=\"article\" \/>\n<meta property=\"og:title\" content=\"Revista Espa\u00f1ola de Ret\u00f3rica n\u00ba1: Llamada a la participaci\u00f3n - SE-RET. Sociedad Espa\u00f1ola de Ret\u00f3rica\" \/>\n<meta property=\"og:description\" content=\"Se abre el plazo de recepci\u00f3n de art\u00edculos para el n\u00famero 1 de la\u00a0Revista Espa\u00f1ola de Ret\u00f3rica,\u00a0que se dedicar\u00e1 a la memoria de Manuel L\u00f3pez Mu\u00f1oz.\u00a0 Dicho plazo se cerrar\u00e1 el 30 de noviembre. Los env\u00edos de originales deber\u00e1n hacerse a trav\u00e9s de la web de la\u00a0Revista Espa\u00f1ola de Ret\u00f3rica, siguiendo las instrucciones que all\u00ed [&hellip;]\" \/>\n<meta property=\"og:url\" content=\"https:\/\/se-ret.org\/index.php\/2023\/06\/13\/revista-espanola-de-retorica-no1-llamada-a-la-participacion\/\" \/>\n<meta property=\"og:site_name\" content=\"SE-RET. Sociedad Espa\u00f1ola de Ret\u00f3rica\" \/>\n<meta property=\"article:published_time\" content=\"2023-06-13T20:11:54+00:00\" \/>\n<meta property=\"article:modified_time\" content=\"2023-07-06T18:58:36+00:00\" \/>\n<meta property=\"og:image\" content=\"https:\/\/se-ret.org\/wp-content\/uploads\/2023\/06\/pageHeaderLogoImage_es_ES.png\" \/>\n\t<meta property=\"og:image:width\" content=\"887\" \/>\n\t<meta property=\"og:image:height\" content=\"827\" \/>\n\t<meta property=\"og:image:type\" content=\"image\/png\" \/>\n<meta name=\"twitter:card\" content=\"summary_large_image\" \/>\n<meta name=\"twitter:label1\" content=\"Escrito por\" \/>\n\t<meta name=\"twitter:data1\" content=\"Secretar\u00eda SE-Ret\" \/>\n\t<meta name=\"twitter:label2\" content=\"Tiempo de lectura\" \/>\n\t<meta name=\"twitter:data2\" content=\"1 minuto\" \/>\n<script type=\"application\/ld+json\" class=\"yoast-schema-graph\">{\"@context\":\"https:\/\/schema.org\",\"@graph\":[{\"@type\":\"WebSite\",\"@id\":\"https:\/\/se-ret.org\/#website\",\"url\":\"https:\/\/se-ret.org\/\",\"name\":\"SE-RET. Sociedad Espa\u00f1ola de Ret\u00f3rica\",\"description\":\"\",\"potentialAction\":[{\"@type\":\"SearchAction\",\"target\":{\"@type\":\"EntryPoint\",\"urlTemplate\":\"https:\/\/se-ret.org\/?s={search_term_string}\"},\"query-input\":\"required name=search_term_string\"}],\"inLanguage\":\"es\"},{\"@type\":\"ImageObject\",\"@id\":\"https:\/\/se-ret.org\/index.php\/2023\/06\/13\/revista-espanola-de-retorica-no1-llamada-a-la-participacion\/#primaryimage\",\"inLanguage\":\"es\",\"url\":\"https:\/\/se-ret.org\/wp-content\/uploads\/2023\/06\/pageHeaderLogoImage_es_ES.png\",\"contentUrl\":\"https:\/\/se-ret.org\/wp-content\/uploads\/2023\/06\/pageHeaderLogoImage_es_ES.png\",\"width\":887,\"height\":827},{\"@type\":\"WebPage\",\"@id\":\"https:\/\/se-ret.org\/index.php\/2023\/06\/13\/revista-espanola-de-retorica-no1-llamada-a-la-participacion\/#webpage\",\"url\":\"https:\/\/se-ret.org\/index.php\/2023\/06\/13\/revista-espanola-de-retorica-no1-llamada-a-la-participacion\/\",\"name\":\"Revista Espa\u00f1ola de Ret\u00f3rica n\u00ba1: Llamada a la participaci\u00f3n - SE-RET. Sociedad Espa\u00f1ola de Ret\u00f3rica\",\"isPartOf\":{\"@id\":\"https:\/\/se-ret.org\/#website\"},\"primaryImageOfPage\":{\"@id\":\"https:\/\/se-ret.org\/index.php\/2023\/06\/13\/revista-espanola-de-retorica-no1-llamada-a-la-participacion\/#primaryimage\"},\"datePublished\":\"2023-06-13T20:11:54+00:00\",\"dateModified\":\"2023-07-06T18:58:36+00:00\",\"author\":{\"@id\":\"https:\/\/se-ret.org\/#\/schema\/person\/a75788006f9b0bd21acb5ac502d4c3a3\"},\"breadcrumb\":{\"@id\":\"https:\/\/se-ret.org\/index.php\/2023\/06\/13\/revista-espanola-de-retorica-no1-llamada-a-la-participacion\/#breadcrumb\"},\"inLanguage\":\"es\",\"potentialAction\":[{\"@type\":\"ReadAction\",\"target\":[\"https:\/\/se-ret.org\/index.php\/2023\/06\/13\/revista-espanola-de-retorica-no1-llamada-a-la-participacion\/\"]}]},{\"@type\":\"BreadcrumbList\",\"@id\":\"https:\/\/se-ret.org\/index.php\/2023\/06\/13\/revista-espanola-de-retorica-no1-llamada-a-la-participacion\/#breadcrumb\",\"itemListElement\":[{\"@type\":\"ListItem\",\"position\":1,\"name\":\"Portada\",\"item\":\"https:\/\/se-ret.org\/index.php\/noticias\/\"},{\"@type\":\"ListItem\",\"position\":2,\"name\":\"Revista Espa\u00f1ola de Ret\u00f3rica n\u00ba1: Llamada a la participaci\u00f3n\"}]},{\"@type\":\"Person\",\"@id\":\"https:\/\/se-ret.org\/#\/schema\/person\/a75788006f9b0bd21acb5ac502d4c3a3\",\"name\":\"Secretar\u00eda SE-Ret\",\"url\":\"https:\/\/se-ret.org\/index.php\/author\/dahdelafuente\/\"}]}<\/script>\n<!-- \/ Yoast SEO plugin. -->","yoast_head_json":{"title":"Revista Espa\u00f1ola de Ret\u00f3rica n\u00ba1: Llamada a la participaci\u00f3n - SE-RET. Sociedad Espa\u00f1ola de Ret\u00f3rica","robots":{"index":"index","follow":"follow","max-snippet":"max-snippet:-1","max-image-preview":"max-image-preview:large","max-video-preview":"max-video-preview:-1"},"canonical":"https:\/\/se-ret.org\/index.php\/2023\/06\/13\/revista-espanola-de-retorica-no1-llamada-a-la-participacion\/","og_locale":"es_ES","og_type":"article","og_title":"Revista Espa\u00f1ola de Ret\u00f3rica n\u00ba1: Llamada a la participaci\u00f3n - SE-RET. Sociedad Espa\u00f1ola de Ret\u00f3rica","og_description":"Se abre el plazo de recepci\u00f3n de art\u00edculos para el n\u00famero 1 de la\u00a0Revista Espa\u00f1ola de Ret\u00f3rica,\u00a0que se dedicar\u00e1 a la memoria de Manuel L\u00f3pez Mu\u00f1oz.\u00a0 Dicho plazo se cerrar\u00e1 el 30 de noviembre. Los env\u00edos de originales deber\u00e1n hacerse a trav\u00e9s de la web de la\u00a0Revista Espa\u00f1ola de Ret\u00f3rica, siguiendo las instrucciones que all\u00ed [&hellip;]","og_url":"https:\/\/se-ret.org\/index.php\/2023\/06\/13\/revista-espanola-de-retorica-no1-llamada-a-la-participacion\/","og_site_name":"SE-RET. Sociedad Espa\u00f1ola de Ret\u00f3rica","article_published_time":"2023-06-13T20:11:54+00:00","article_modified_time":"2023-07-06T18:58:36+00:00","og_image":[{"width":887,"height":827,"url":"https:\/\/se-ret.org\/wp-content\/uploads\/2023\/06\/pageHeaderLogoImage_es_ES.png","type":"image\/png"}],"twitter_card":"summary_large_image","twitter_misc":{"Escrito por":"Secretar\u00eda SE-Ret","Tiempo de lectura":"1 minuto"},"schema":{"@context":"https:\/\/schema.org","@graph":[{"@type":"WebSite","@id":"https:\/\/se-ret.org\/#website","url":"https:\/\/se-ret.org\/","name":"SE-RET. Sociedad Espa\u00f1ola de Ret\u00f3rica","description":"","potentialAction":[{"@type":"SearchAction","target":{"@type":"EntryPoint","urlTemplate":"https:\/\/se-ret.org\/?s={search_term_string}"},"query-input":"required name=search_term_string"}],"inLanguage":"es"},{"@type":"ImageObject","@id":"https:\/\/se-ret.org\/index.php\/2023\/06\/13\/revista-espanola-de-retorica-no1-llamada-a-la-participacion\/#primaryimage","inLanguage":"es","url":"https:\/\/se-ret.org\/wp-content\/uploads\/2023\/06\/pageHeaderLogoImage_es_ES.png","contentUrl":"https:\/\/se-ret.org\/wp-content\/uploads\/2023\/06\/pageHeaderLogoImage_es_ES.png","width":887,"height":827},{"@type":"WebPage","@id":"https:\/\/se-ret.org\/index.php\/2023\/06\/13\/revista-espanola-de-retorica-no1-llamada-a-la-participacion\/#webpage","url":"https:\/\/se-ret.org\/index.php\/2023\/06\/13\/revista-espanola-de-retorica-no1-llamada-a-la-participacion\/","name":"Revista Espa\u00f1ola de Ret\u00f3rica n\u00ba1: Llamada a la participaci\u00f3n - SE-RET. Sociedad Espa\u00f1ola de Ret\u00f3rica","isPartOf":{"@id":"https:\/\/se-ret.org\/#website"},"primaryImageOfPage":{"@id":"https:\/\/se-ret.org\/index.php\/2023\/06\/13\/revista-espanola-de-retorica-no1-llamada-a-la-participacion\/#primaryimage"},"datePublished":"2023-06-13T20:11:54+00:00","dateModified":"2023-07-06T18:58:36+00:00","author":{"@id":"https:\/\/se-ret.org\/#\/schema\/person\/a75788006f9b0bd21acb5ac502d4c3a3"},"breadcrumb":{"@id":"https:\/\/se-ret.org\/index.php\/2023\/06\/13\/revista-espanola-de-retorica-no1-llamada-a-la-participacion\/#breadcrumb"},"inLanguage":"es","potentialAction":[{"@type":"ReadAction","target":["https:\/\/se-ret.org\/index.php\/2023\/06\/13\/revista-espanola-de-retorica-no1-llamada-a-la-participacion\/"]}]},{"@type":"BreadcrumbList","@id":"https:\/\/se-ret.org\/index.php\/2023\/06\/13\/revista-espanola-de-retorica-no1-llamada-a-la-participacion\/#breadcrumb","itemListElement":[{"@type":"ListItem","position":1,"name":"Portada","item":"https:\/\/se-ret.org\/index.php\/noticias\/"},{"@type":"ListItem","position":2,"name":"Revista Espa\u00f1ola de Ret\u00f3rica n\u00ba1: Llamada a la participaci\u00f3n"}]},{"@type":"Person","@id":"https:\/\/se-ret.org\/#\/schema\/person\/a75788006f9b0bd21acb5ac502d4c3a3","name":"Secretar\u00eda SE-Ret","url":"https:\/\/se-ret.org\/index.php\/author\/dahdelafuente\/"}]}},"_links":{"self":[{"href":"https:\/\/se-ret.org\/index.php\/wp-json\/wp\/v2\/posts\/963"}],"collection":[{"href":"https:\/\/se-ret.org\/index.php\/wp-json\/wp\/v2\/posts"}],"about":[{"href":"https:\/\/se-ret.org\/index.php\/wp-json\/wp\/v2\/types\/post"}],"author":[{"embeddable":true,"href":"https:\/\/se-ret.org\/index.php\/wp-json\/wp\/v2\/users\/2"}],"replies":[{"embeddable":true,"href":"https:\/\/se-ret.org\/index.php\/wp-json\/wp\/v2\/comments?post=963"}],"version-history":[{"count":2,"href":"https:\/\/se-ret.org\/index.php\/wp-json\/wp\/v2\/posts\/963\/revisions"}],"predecessor-version":[{"id":974,"href":"https:\/\/se-ret.org\/index.php\/wp-json\/wp\/v2\/posts\/963\/revisions\/974"}],"wp:featuredmedia":[{"embeddable":true,"href":"https:\/\/se-ret.org\/index.php\/wp-json\/wp\/v2\/media\/964"}],"wp:attachment":[{"href":"https:\/\/se-ret.org\/index.php\/wp-json\/wp\/v2\/media?parent=963"}],"wp:term":[{"taxonomy":"category","embeddable":true,"href":"https:\/\/se-ret.org\/index.php\/wp-json\/wp\/v2\/categories?post=963"},{"taxonomy":"post_tag","embeddable":true,"href":"https:\/\/se-ret.org\/index.php\/wp-json\/wp\/v2\/tags?post=963"}],"curies":[{"name":"wp","href":"https:\/\/api.w.org\/{rel}","templated":true}]}}