{"id":952,"date":"2023-05-16T19:59:45","date_gmt":"2023-05-16T17:59:45","guid":{"rendered":"https:\/\/se-ret.org\/?p=952"},"modified":"2023-05-16T19:59:48","modified_gmt":"2023-05-16T17:59:48","slug":"5a-sesion-del-iii-ciclo-de-conferencias","status":"publish","type":"post","link":"https:\/\/se-ret.org\/index.php\/2023\/05\/16\/5a-sesion-del-iii-ciclo-de-conferencias\/","title":{"rendered":"5\u00aa SESI\u00d3N DEL III CICLO DE CONFERENCIAS"},"content":{"rendered":"\n<p><br>La SE-Ret les env\u00eda una cordial invitaci\u00f3n para la quinta sesi\u00f3n del III Ciclo de Conferencias. La ponencia a cargo del Prof. Dr. Juan Antonio Gonz\u00e1lez Iglesias (Universidad de Salamanca), bajo el t\u00edtulo \u201cRecursos ret\u00f3ricos en la poes\u00eda latina de \u00e9poca cl\u00e1sica\u201d, tendr\u00e1 lugar el jueves 25 de mayo a las 19:00 horas en modalidad no presencial (por la plataforma Teams previa invitaci\u00f3n en secretario@se-ret.org).<\/p>\n","protected":false},"excerpt":{"rendered":"<p>La SE-Ret les env\u00eda una cordial invitaci\u00f3n para la quinta sesi\u00f3n del III Ciclo de Conferencias. La ponencia a cargo del Prof. Dr. Juan Antonio Gonz\u00e1lez Iglesias (Universidad de Salamanca), bajo el t\u00edtulo \u201cRecursos ret\u00f3ricos en la poes\u00eda latina de \u00e9poca cl\u00e1sica\u201d, tendr\u00e1 lugar el jueves 25 de mayo a las 19:00 horas en modalidad [&hellip;]<\/p>\n","protected":false},"author":2,"featured_media":953,"comment_status":"closed","ping_status":"closed","sticky":false,"template":"","format":"standard","meta":[],"categories":[14,1],"tags":[],"yoast_head":"<!-- This site is optimized with the Yoast SEO plugin v18.6 - https:\/\/yoast.com\/wordpress\/plugins\/seo\/ -->\n<title>5\u00aa SESI\u00d3N DEL III CICLO DE CONFERENCIAS - SE-RET. Sociedad Espa\u00f1ola de Ret\u00f3rica<\/title>\n<meta name=\"robots\" content=\"index, follow, max-snippet:-1, max-image-preview:large, max-video-preview:-1\" \/>\n<link rel=\"canonical\" href=\"https:\/\/se-ret.org\/index.php\/2023\/05\/16\/5a-sesion-del-iii-ciclo-de-conferencias\/\" \/>\n<meta property=\"og:locale\" content=\"es_ES\" \/>\n<meta property=\"og:type\" content=\"article\" \/>\n<meta property=\"og:title\" content=\"5\u00aa SESI\u00d3N DEL III CICLO DE CONFERENCIAS - SE-RET. Sociedad Espa\u00f1ola de Ret\u00f3rica\" \/>\n<meta property=\"og:description\" content=\"La SE-Ret les env\u00eda una cordial invitaci\u00f3n para la quinta sesi\u00f3n del III Ciclo de Conferencias. La ponencia a cargo del Prof. Dr. Juan Antonio Gonz\u00e1lez Iglesias (Universidad de Salamanca), bajo el t\u00edtulo \u201cRecursos ret\u00f3ricos en la poes\u00eda latina de \u00e9poca cl\u00e1sica\u201d, tendr\u00e1 lugar el jueves 25 de mayo a las 19:00 horas en modalidad [&hellip;]\" \/>\n<meta property=\"og:url\" content=\"https:\/\/se-ret.org\/index.php\/2023\/05\/16\/5a-sesion-del-iii-ciclo-de-conferencias\/\" \/>\n<meta property=\"og:site_name\" content=\"SE-RET. Sociedad Espa\u00f1ola de Ret\u00f3rica\" \/>\n<meta property=\"article:published_time\" content=\"2023-05-16T17:59:45+00:00\" \/>\n<meta property=\"article:modified_time\" content=\"2023-05-16T17:59:48+00:00\" \/>\n<meta property=\"og:image\" content=\"https:\/\/se-ret.org\/wp-content\/uploads\/2023\/05\/5a-sesio\u0301n-III-Ciclo-SE-RET.jpg\" \/>\n\t<meta property=\"og:image:width\" content=\"1000\" \/>\n\t<meta property=\"og:image:height\" content=\"692\" \/>\n\t<meta property=\"og:image:type\" content=\"image\/jpeg\" \/>\n<meta name=\"twitter:card\" content=\"summary_large_image\" \/>\n<meta name=\"twitter:label1\" content=\"Escrito por\" \/>\n\t<meta name=\"twitter:data1\" content=\"Secretar\u00eda SE-Ret\" \/>\n\t<meta name=\"twitter:label2\" content=\"Tiempo de lectura\" \/>\n\t<meta name=\"twitter:data2\" content=\"1 minuto\" \/>\n<script type=\"application\/ld+json\" class=\"yoast-schema-graph\">{\"@context\":\"https:\/\/schema.org\",\"@graph\":[{\"@type\":\"WebSite\",\"@id\":\"https:\/\/se-ret.org\/#website\",\"url\":\"https:\/\/se-ret.org\/\",\"name\":\"SE-RET. Sociedad Espa\u00f1ola de Ret\u00f3rica\",\"description\":\"\",\"potentialAction\":[{\"@type\":\"SearchAction\",\"target\":{\"@type\":\"EntryPoint\",\"urlTemplate\":\"https:\/\/se-ret.org\/?s={search_term_string}\"},\"query-input\":\"required name=search_term_string\"}],\"inLanguage\":\"es\"},{\"@type\":\"ImageObject\",\"@id\":\"https:\/\/se-ret.org\/index.php\/2023\/05\/16\/5a-sesion-del-iii-ciclo-de-conferencias\/#primaryimage\",\"inLanguage\":\"es\",\"url\":\"https:\/\/se-ret.org\/wp-content\/uploads\/2023\/05\/5a-sesio\u0301n-III-Ciclo-SE-RET.jpg\",\"contentUrl\":\"https:\/\/se-ret.org\/wp-content\/uploads\/2023\/05\/5a-sesio\u0301n-III-Ciclo-SE-RET.jpg\",\"width\":1000,\"height\":692},{\"@type\":\"WebPage\",\"@id\":\"https:\/\/se-ret.org\/index.php\/2023\/05\/16\/5a-sesion-del-iii-ciclo-de-conferencias\/#webpage\",\"url\":\"https:\/\/se-ret.org\/index.php\/2023\/05\/16\/5a-sesion-del-iii-ciclo-de-conferencias\/\",\"name\":\"5\u00aa SESI\u00d3N DEL III CICLO DE CONFERENCIAS - SE-RET. Sociedad Espa\u00f1ola de Ret\u00f3rica\",\"isPartOf\":{\"@id\":\"https:\/\/se-ret.org\/#website\"},\"primaryImageOfPage\":{\"@id\":\"https:\/\/se-ret.org\/index.php\/2023\/05\/16\/5a-sesion-del-iii-ciclo-de-conferencias\/#primaryimage\"},\"datePublished\":\"2023-05-16T17:59:45+00:00\",\"dateModified\":\"2023-05-16T17:59:48+00:00\",\"author\":{\"@id\":\"https:\/\/se-ret.org\/#\/schema\/person\/a75788006f9b0bd21acb5ac502d4c3a3\"},\"breadcrumb\":{\"@id\":\"https:\/\/se-ret.org\/index.php\/2023\/05\/16\/5a-sesion-del-iii-ciclo-de-conferencias\/#breadcrumb\"},\"inLanguage\":\"es\",\"potentialAction\":[{\"@type\":\"ReadAction\",\"target\":[\"https:\/\/se-ret.org\/index.php\/2023\/05\/16\/5a-sesion-del-iii-ciclo-de-conferencias\/\"]}]},{\"@type\":\"BreadcrumbList\",\"@id\":\"https:\/\/se-ret.org\/index.php\/2023\/05\/16\/5a-sesion-del-iii-ciclo-de-conferencias\/#breadcrumb\",\"itemListElement\":[{\"@type\":\"ListItem\",\"position\":1,\"name\":\"Portada\",\"item\":\"https:\/\/se-ret.org\/index.php\/noticias\/\"},{\"@type\":\"ListItem\",\"position\":2,\"name\":\"5\u00aa SESI\u00d3N DEL III CICLO DE CONFERENCIAS\"}]},{\"@type\":\"Person\",\"@id\":\"https:\/\/se-ret.org\/#\/schema\/person\/a75788006f9b0bd21acb5ac502d4c3a3\",\"name\":\"Secretar\u00eda SE-Ret\",\"url\":\"https:\/\/se-ret.org\/index.php\/author\/dahdelafuente\/\"}]}<\/script>\n<!-- \/ Yoast SEO plugin. -->","yoast_head_json":{"title":"5\u00aa SESI\u00d3N DEL III CICLO DE CONFERENCIAS - SE-RET. Sociedad Espa\u00f1ola de Ret\u00f3rica","robots":{"index":"index","follow":"follow","max-snippet":"max-snippet:-1","max-image-preview":"max-image-preview:large","max-video-preview":"max-video-preview:-1"},"canonical":"https:\/\/se-ret.org\/index.php\/2023\/05\/16\/5a-sesion-del-iii-ciclo-de-conferencias\/","og_locale":"es_ES","og_type":"article","og_title":"5\u00aa SESI\u00d3N DEL III CICLO DE CONFERENCIAS - SE-RET. Sociedad Espa\u00f1ola de Ret\u00f3rica","og_description":"La SE-Ret les env\u00eda una cordial invitaci\u00f3n para la quinta sesi\u00f3n del III Ciclo de Conferencias. La ponencia a cargo del Prof. Dr. Juan Antonio Gonz\u00e1lez Iglesias (Universidad de Salamanca), bajo el t\u00edtulo \u201cRecursos ret\u00f3ricos en la poes\u00eda latina de \u00e9poca cl\u00e1sica\u201d, tendr\u00e1 lugar el jueves 25 de mayo a las 19:00 horas en modalidad [&hellip;]","og_url":"https:\/\/se-ret.org\/index.php\/2023\/05\/16\/5a-sesion-del-iii-ciclo-de-conferencias\/","og_site_name":"SE-RET. Sociedad Espa\u00f1ola de Ret\u00f3rica","article_published_time":"2023-05-16T17:59:45+00:00","article_modified_time":"2023-05-16T17:59:48+00:00","og_image":[{"width":1000,"height":692,"url":"https:\/\/se-ret.org\/wp-content\/uploads\/2023\/05\/5a-sesio\u0301n-III-Ciclo-SE-RET.jpg","type":"image\/jpeg"}],"twitter_card":"summary_large_image","twitter_misc":{"Escrito por":"Secretar\u00eda SE-Ret","Tiempo de lectura":"1 minuto"},"schema":{"@context":"https:\/\/schema.org","@graph":[{"@type":"WebSite","@id":"https:\/\/se-ret.org\/#website","url":"https:\/\/se-ret.org\/","name":"SE-RET. Sociedad Espa\u00f1ola de Ret\u00f3rica","description":"","potentialAction":[{"@type":"SearchAction","target":{"@type":"EntryPoint","urlTemplate":"https:\/\/se-ret.org\/?s={search_term_string}"},"query-input":"required name=search_term_string"}],"inLanguage":"es"},{"@type":"ImageObject","@id":"https:\/\/se-ret.org\/index.php\/2023\/05\/16\/5a-sesion-del-iii-ciclo-de-conferencias\/#primaryimage","inLanguage":"es","url":"https:\/\/se-ret.org\/wp-content\/uploads\/2023\/05\/5a-sesio\u0301n-III-Ciclo-SE-RET.jpg","contentUrl":"https:\/\/se-ret.org\/wp-content\/uploads\/2023\/05\/5a-sesio\u0301n-III-Ciclo-SE-RET.jpg","width":1000,"height":692},{"@type":"WebPage","@id":"https:\/\/se-ret.org\/index.php\/2023\/05\/16\/5a-sesion-del-iii-ciclo-de-conferencias\/#webpage","url":"https:\/\/se-ret.org\/index.php\/2023\/05\/16\/5a-sesion-del-iii-ciclo-de-conferencias\/","name":"5\u00aa SESI\u00d3N DEL III CICLO DE CONFERENCIAS - SE-RET. Sociedad Espa\u00f1ola de Ret\u00f3rica","isPartOf":{"@id":"https:\/\/se-ret.org\/#website"},"primaryImageOfPage":{"@id":"https:\/\/se-ret.org\/index.php\/2023\/05\/16\/5a-sesion-del-iii-ciclo-de-conferencias\/#primaryimage"},"datePublished":"2023-05-16T17:59:45+00:00","dateModified":"2023-05-16T17:59:48+00:00","author":{"@id":"https:\/\/se-ret.org\/#\/schema\/person\/a75788006f9b0bd21acb5ac502d4c3a3"},"breadcrumb":{"@id":"https:\/\/se-ret.org\/index.php\/2023\/05\/16\/5a-sesion-del-iii-ciclo-de-conferencias\/#breadcrumb"},"inLanguage":"es","potentialAction":[{"@type":"ReadAction","target":["https:\/\/se-ret.org\/index.php\/2023\/05\/16\/5a-sesion-del-iii-ciclo-de-conferencias\/"]}]},{"@type":"BreadcrumbList","@id":"https:\/\/se-ret.org\/index.php\/2023\/05\/16\/5a-sesion-del-iii-ciclo-de-conferencias\/#breadcrumb","itemListElement":[{"@type":"ListItem","position":1,"name":"Portada","item":"https:\/\/se-ret.org\/index.php\/noticias\/"},{"@type":"ListItem","position":2,"name":"5\u00aa SESI\u00d3N DEL III CICLO DE CONFERENCIAS"}]},{"@type":"Person","@id":"https:\/\/se-ret.org\/#\/schema\/person\/a75788006f9b0bd21acb5ac502d4c3a3","name":"Secretar\u00eda SE-Ret","url":"https:\/\/se-ret.org\/index.php\/author\/dahdelafuente\/"}]}},"_links":{"self":[{"href":"https:\/\/se-ret.org\/index.php\/wp-json\/wp\/v2\/posts\/952"}],"collection":[{"href":"https:\/\/se-ret.org\/index.php\/wp-json\/wp\/v2\/posts"}],"about":[{"href":"https:\/\/se-ret.org\/index.php\/wp-json\/wp\/v2\/types\/post"}],"author":[{"embeddable":true,"href":"https:\/\/se-ret.org\/index.php\/wp-json\/wp\/v2\/users\/2"}],"replies":[{"embeddable":true,"href":"https:\/\/se-ret.org\/index.php\/wp-json\/wp\/v2\/comments?post=952"}],"version-history":[{"count":2,"href":"https:\/\/se-ret.org\/index.php\/wp-json\/wp\/v2\/posts\/952\/revisions"}],"predecessor-version":[{"id":955,"href":"https:\/\/se-ret.org\/index.php\/wp-json\/wp\/v2\/posts\/952\/revisions\/955"}],"wp:featuredmedia":[{"embeddable":true,"href":"https:\/\/se-ret.org\/index.php\/wp-json\/wp\/v2\/media\/953"}],"wp:attachment":[{"href":"https:\/\/se-ret.org\/index.php\/wp-json\/wp\/v2\/media?parent=952"}],"wp:term":[{"taxonomy":"category","embeddable":true,"href":"https:\/\/se-ret.org\/index.php\/wp-json\/wp\/v2\/categories?post=952"},{"taxonomy":"post_tag","embeddable":true,"href":"https:\/\/se-ret.org\/index.php\/wp-json\/wp\/v2\/tags?post=952"}],"curies":[{"name":"wp","href":"https:\/\/api.w.org\/{rel}","templated":true}]}}