{"id":918,"date":"2023-03-22T10:04:54","date_gmt":"2023-03-22T09:04:54","guid":{"rendered":"https:\/\/se-ret.org\/?p=918"},"modified":"2023-03-22T13:02:30","modified_gmt":"2023-03-22T12:02:30","slug":"lanzamiento-de-la-revista-espanola-de-retorica-re-ret","status":"publish","type":"post","link":"https:\/\/se-ret.org\/index.php\/2023\/03\/22\/lanzamiento-de-la-revista-espanola-de-retorica-re-ret\/","title":{"rendered":"Lanzamiento de la\u00a0Revista Espa\u00f1ola de Ret\u00f3rica (RE-Ret)"},"content":{"rendered":"\n<p>Informamos con mucho gusto de la publicaci\u00f3n del n\u00famero de lanzamiento de la\u00a0<em>Revista Espa\u00f1ola de Ret\u00f3rica<\/em> (RE-Ret). La revista, editada por la Editorial Universidad de Almer\u00eda en su portal de revistas electr\u00f3nicas OJS, y dirigida por la Prof. Dra. D\u00aa Violeta P\u00e9rez Custodio, vocal de la Junta Directiva de la Sociedad Espa\u00f1ola de Ret\u00f3rica (SE-Ret), es el \u00f3rgano oficial de la sociedad. Los art\u00edculos publicados se acogen a todos los est\u00e1ndares de calidad internacional. Este n\u00famero de lanzamiento est\u00e1 precedido por un texto de la directora que recuerda a los a\u00f1orados colegas Marc van der Poel, que aport\u00f3 un art\u00edculo a este n\u00famero,  Luis Vega Re\u00f1\u00f3n, socio de la SE-Ret y colaborador de la revista, y Manuel L\u00f3pez Mu\u00f1oz, a cuya iniciativa tanto deben la sociedad y la revista\u00a0<a href=\"https:\/\/ojs.ual.es\/ojs\/index.php\/RER\" target=\"_blank\" rel=\"noreferrer noopener\">https:\/\/ojs.ual.es\/ojs\/index.php\/RER<\/a><\/p>\n","protected":false},"excerpt":{"rendered":"<p>Informamos con mucho gusto de la publicaci\u00f3n del n\u00famero de lanzamiento de la\u00a0Revista Espa\u00f1ola de Ret\u00f3rica (RE-Ret). La revista, editada por la Editorial Universidad de Almer\u00eda en su portal de revistas electr\u00f3nicas OJS, y dirigida por la Prof. Dra. D\u00aa Violeta P\u00e9rez Custodio, vocal de la Junta Directiva de la Sociedad Espa\u00f1ola de Ret\u00f3rica (SE-Ret), [&hellip;]<\/p>\n","protected":false},"author":2,"featured_media":919,"comment_status":"closed","ping_status":"closed","sticky":false,"template":"","format":"standard","meta":[],"categories":[1],"tags":[],"yoast_head":"<!-- This site is optimized with the Yoast SEO plugin v18.6 - https:\/\/yoast.com\/wordpress\/plugins\/seo\/ -->\n<title>Lanzamiento de la\u00a0Revista Espa\u00f1ola de Ret\u00f3rica (RE-Ret) - SE-RET. Sociedad Espa\u00f1ola de Ret\u00f3rica<\/title>\n<meta name=\"robots\" content=\"index, follow, max-snippet:-1, max-image-preview:large, max-video-preview:-1\" \/>\n<link rel=\"canonical\" href=\"https:\/\/se-ret.org\/index.php\/2023\/03\/22\/lanzamiento-de-la-revista-espanola-de-retorica-re-ret\/\" \/>\n<meta property=\"og:locale\" content=\"es_ES\" \/>\n<meta property=\"og:type\" content=\"article\" \/>\n<meta property=\"og:title\" content=\"Lanzamiento de la\u00a0Revista Espa\u00f1ola de Ret\u00f3rica (RE-Ret) - SE-RET. Sociedad Espa\u00f1ola de Ret\u00f3rica\" \/>\n<meta property=\"og:description\" content=\"Informamos con mucho gusto de la publicaci\u00f3n del n\u00famero de lanzamiento de la\u00a0Revista Espa\u00f1ola de Ret\u00f3rica (RE-Ret). La revista, editada por la Editorial Universidad de Almer\u00eda en su portal de revistas electr\u00f3nicas OJS, y dirigida por la Prof. Dra. D\u00aa Violeta P\u00e9rez Custodio, vocal de la Junta Directiva de la Sociedad Espa\u00f1ola de Ret\u00f3rica (SE-Ret), [&hellip;]\" \/>\n<meta property=\"og:url\" content=\"https:\/\/se-ret.org\/index.php\/2023\/03\/22\/lanzamiento-de-la-revista-espanola-de-retorica-re-ret\/\" \/>\n<meta property=\"og:site_name\" content=\"SE-RET. Sociedad Espa\u00f1ola de Ret\u00f3rica\" \/>\n<meta property=\"article:published_time\" content=\"2023-03-22T09:04:54+00:00\" \/>\n<meta property=\"article:modified_time\" content=\"2023-03-22T12:02:30+00:00\" \/>\n<meta property=\"og:image\" content=\"https:\/\/se-ret.org\/wp-content\/uploads\/2023\/03\/banner-.jpg\" \/>\n\t<meta property=\"og:image:width\" content=\"2496\" \/>\n\t<meta property=\"og:image:height\" content=\"516\" \/>\n\t<meta property=\"og:image:type\" content=\"image\/jpeg\" \/>\n<meta name=\"twitter:card\" content=\"summary_large_image\" \/>\n<meta name=\"twitter:label1\" content=\"Escrito por\" \/>\n\t<meta name=\"twitter:data1\" content=\"Secretar\u00eda SE-Ret\" \/>\n\t<meta name=\"twitter:label2\" content=\"Tiempo de lectura\" \/>\n\t<meta name=\"twitter:data2\" content=\"1 minuto\" \/>\n<script type=\"application\/ld+json\" class=\"yoast-schema-graph\">{\"@context\":\"https:\/\/schema.org\",\"@graph\":[{\"@type\":\"WebSite\",\"@id\":\"https:\/\/se-ret.org\/#website\",\"url\":\"https:\/\/se-ret.org\/\",\"name\":\"SE-RET. Sociedad Espa\u00f1ola de Ret\u00f3rica\",\"description\":\"\",\"potentialAction\":[{\"@type\":\"SearchAction\",\"target\":{\"@type\":\"EntryPoint\",\"urlTemplate\":\"https:\/\/se-ret.org\/?s={search_term_string}\"},\"query-input\":\"required name=search_term_string\"}],\"inLanguage\":\"es\"},{\"@type\":\"ImageObject\",\"@id\":\"https:\/\/se-ret.org\/index.php\/2023\/03\/22\/lanzamiento-de-la-revista-espanola-de-retorica-re-ret\/#primaryimage\",\"inLanguage\":\"es\",\"url\":\"https:\/\/se-ret.org\/wp-content\/uploads\/2023\/03\/banner-.jpg\",\"contentUrl\":\"https:\/\/se-ret.org\/wp-content\/uploads\/2023\/03\/banner-.jpg\",\"width\":2496,\"height\":516},{\"@type\":\"WebPage\",\"@id\":\"https:\/\/se-ret.org\/index.php\/2023\/03\/22\/lanzamiento-de-la-revista-espanola-de-retorica-re-ret\/#webpage\",\"url\":\"https:\/\/se-ret.org\/index.php\/2023\/03\/22\/lanzamiento-de-la-revista-espanola-de-retorica-re-ret\/\",\"name\":\"Lanzamiento de la\u00a0Revista Espa\u00f1ola de Ret\u00f3rica (RE-Ret) - SE-RET. Sociedad Espa\u00f1ola de Ret\u00f3rica\",\"isPartOf\":{\"@id\":\"https:\/\/se-ret.org\/#website\"},\"primaryImageOfPage\":{\"@id\":\"https:\/\/se-ret.org\/index.php\/2023\/03\/22\/lanzamiento-de-la-revista-espanola-de-retorica-re-ret\/#primaryimage\"},\"datePublished\":\"2023-03-22T09:04:54+00:00\",\"dateModified\":\"2023-03-22T12:02:30+00:00\",\"author\":{\"@id\":\"https:\/\/se-ret.org\/#\/schema\/person\/a75788006f9b0bd21acb5ac502d4c3a3\"},\"breadcrumb\":{\"@id\":\"https:\/\/se-ret.org\/index.php\/2023\/03\/22\/lanzamiento-de-la-revista-espanola-de-retorica-re-ret\/#breadcrumb\"},\"inLanguage\":\"es\",\"potentialAction\":[{\"@type\":\"ReadAction\",\"target\":[\"https:\/\/se-ret.org\/index.php\/2023\/03\/22\/lanzamiento-de-la-revista-espanola-de-retorica-re-ret\/\"]}]},{\"@type\":\"BreadcrumbList\",\"@id\":\"https:\/\/se-ret.org\/index.php\/2023\/03\/22\/lanzamiento-de-la-revista-espanola-de-retorica-re-ret\/#breadcrumb\",\"itemListElement\":[{\"@type\":\"ListItem\",\"position\":1,\"name\":\"Portada\",\"item\":\"https:\/\/se-ret.org\/index.php\/noticias\/\"},{\"@type\":\"ListItem\",\"position\":2,\"name\":\"Lanzamiento de la\u00a0Revista Espa\u00f1ola de Ret\u00f3rica (RE-Ret)\"}]},{\"@type\":\"Person\",\"@id\":\"https:\/\/se-ret.org\/#\/schema\/person\/a75788006f9b0bd21acb5ac502d4c3a3\",\"name\":\"Secretar\u00eda SE-Ret\",\"url\":\"https:\/\/se-ret.org\/index.php\/author\/dahdelafuente\/\"}]}<\/script>\n<!-- \/ Yoast SEO plugin. -->","yoast_head_json":{"title":"Lanzamiento de la\u00a0Revista Espa\u00f1ola de Ret\u00f3rica (RE-Ret) - SE-RET. Sociedad Espa\u00f1ola de Ret\u00f3rica","robots":{"index":"index","follow":"follow","max-snippet":"max-snippet:-1","max-image-preview":"max-image-preview:large","max-video-preview":"max-video-preview:-1"},"canonical":"https:\/\/se-ret.org\/index.php\/2023\/03\/22\/lanzamiento-de-la-revista-espanola-de-retorica-re-ret\/","og_locale":"es_ES","og_type":"article","og_title":"Lanzamiento de la\u00a0Revista Espa\u00f1ola de Ret\u00f3rica (RE-Ret) - SE-RET. Sociedad Espa\u00f1ola de Ret\u00f3rica","og_description":"Informamos con mucho gusto de la publicaci\u00f3n del n\u00famero de lanzamiento de la\u00a0Revista Espa\u00f1ola de Ret\u00f3rica (RE-Ret). La revista, editada por la Editorial Universidad de Almer\u00eda en su portal de revistas electr\u00f3nicas OJS, y dirigida por la Prof. Dra. D\u00aa Violeta P\u00e9rez Custodio, vocal de la Junta Directiva de la Sociedad Espa\u00f1ola de Ret\u00f3rica (SE-Ret), [&hellip;]","og_url":"https:\/\/se-ret.org\/index.php\/2023\/03\/22\/lanzamiento-de-la-revista-espanola-de-retorica-re-ret\/","og_site_name":"SE-RET. Sociedad Espa\u00f1ola de Ret\u00f3rica","article_published_time":"2023-03-22T09:04:54+00:00","article_modified_time":"2023-03-22T12:02:30+00:00","og_image":[{"width":2496,"height":516,"url":"https:\/\/se-ret.org\/wp-content\/uploads\/2023\/03\/banner-.jpg","type":"image\/jpeg"}],"twitter_card":"summary_large_image","twitter_misc":{"Escrito por":"Secretar\u00eda SE-Ret","Tiempo de lectura":"1 minuto"},"schema":{"@context":"https:\/\/schema.org","@graph":[{"@type":"WebSite","@id":"https:\/\/se-ret.org\/#website","url":"https:\/\/se-ret.org\/","name":"SE-RET. Sociedad Espa\u00f1ola de Ret\u00f3rica","description":"","potentialAction":[{"@type":"SearchAction","target":{"@type":"EntryPoint","urlTemplate":"https:\/\/se-ret.org\/?s={search_term_string}"},"query-input":"required name=search_term_string"}],"inLanguage":"es"},{"@type":"ImageObject","@id":"https:\/\/se-ret.org\/index.php\/2023\/03\/22\/lanzamiento-de-la-revista-espanola-de-retorica-re-ret\/#primaryimage","inLanguage":"es","url":"https:\/\/se-ret.org\/wp-content\/uploads\/2023\/03\/banner-.jpg","contentUrl":"https:\/\/se-ret.org\/wp-content\/uploads\/2023\/03\/banner-.jpg","width":2496,"height":516},{"@type":"WebPage","@id":"https:\/\/se-ret.org\/index.php\/2023\/03\/22\/lanzamiento-de-la-revista-espanola-de-retorica-re-ret\/#webpage","url":"https:\/\/se-ret.org\/index.php\/2023\/03\/22\/lanzamiento-de-la-revista-espanola-de-retorica-re-ret\/","name":"Lanzamiento de la\u00a0Revista Espa\u00f1ola de Ret\u00f3rica (RE-Ret) - SE-RET. Sociedad Espa\u00f1ola de Ret\u00f3rica","isPartOf":{"@id":"https:\/\/se-ret.org\/#website"},"primaryImageOfPage":{"@id":"https:\/\/se-ret.org\/index.php\/2023\/03\/22\/lanzamiento-de-la-revista-espanola-de-retorica-re-ret\/#primaryimage"},"datePublished":"2023-03-22T09:04:54+00:00","dateModified":"2023-03-22T12:02:30+00:00","author":{"@id":"https:\/\/se-ret.org\/#\/schema\/person\/a75788006f9b0bd21acb5ac502d4c3a3"},"breadcrumb":{"@id":"https:\/\/se-ret.org\/index.php\/2023\/03\/22\/lanzamiento-de-la-revista-espanola-de-retorica-re-ret\/#breadcrumb"},"inLanguage":"es","potentialAction":[{"@type":"ReadAction","target":["https:\/\/se-ret.org\/index.php\/2023\/03\/22\/lanzamiento-de-la-revista-espanola-de-retorica-re-ret\/"]}]},{"@type":"BreadcrumbList","@id":"https:\/\/se-ret.org\/index.php\/2023\/03\/22\/lanzamiento-de-la-revista-espanola-de-retorica-re-ret\/#breadcrumb","itemListElement":[{"@type":"ListItem","position":1,"name":"Portada","item":"https:\/\/se-ret.org\/index.php\/noticias\/"},{"@type":"ListItem","position":2,"name":"Lanzamiento de la\u00a0Revista Espa\u00f1ola de Ret\u00f3rica (RE-Ret)"}]},{"@type":"Person","@id":"https:\/\/se-ret.org\/#\/schema\/person\/a75788006f9b0bd21acb5ac502d4c3a3","name":"Secretar\u00eda SE-Ret","url":"https:\/\/se-ret.org\/index.php\/author\/dahdelafuente\/"}]}},"_links":{"self":[{"href":"https:\/\/se-ret.org\/index.php\/wp-json\/wp\/v2\/posts\/918"}],"collection":[{"href":"https:\/\/se-ret.org\/index.php\/wp-json\/wp\/v2\/posts"}],"about":[{"href":"https:\/\/se-ret.org\/index.php\/wp-json\/wp\/v2\/types\/post"}],"author":[{"embeddable":true,"href":"https:\/\/se-ret.org\/index.php\/wp-json\/wp\/v2\/users\/2"}],"replies":[{"embeddable":true,"href":"https:\/\/se-ret.org\/index.php\/wp-json\/wp\/v2\/comments?post=918"}],"version-history":[{"count":3,"href":"https:\/\/se-ret.org\/index.php\/wp-json\/wp\/v2\/posts\/918\/revisions"}],"predecessor-version":[{"id":923,"href":"https:\/\/se-ret.org\/index.php\/wp-json\/wp\/v2\/posts\/918\/revisions\/923"}],"wp:featuredmedia":[{"embeddable":true,"href":"https:\/\/se-ret.org\/index.php\/wp-json\/wp\/v2\/media\/919"}],"wp:attachment":[{"href":"https:\/\/se-ret.org\/index.php\/wp-json\/wp\/v2\/media?parent=918"}],"wp:term":[{"taxonomy":"category","embeddable":true,"href":"https:\/\/se-ret.org\/index.php\/wp-json\/wp\/v2\/categories?post=918"},{"taxonomy":"post_tag","embeddable":true,"href":"https:\/\/se-ret.org\/index.php\/wp-json\/wp\/v2\/tags?post=918"}],"curies":[{"name":"wp","href":"https:\/\/api.w.org\/{rel}","templated":true}]}}