{"id":899,"date":"2023-02-11T14:18:23","date_gmt":"2023-02-11T13:18:23","guid":{"rendered":"https:\/\/se-ret.org\/?p=899"},"modified":"2023-02-11T14:19:30","modified_gmt":"2023-02-11T13:19:30","slug":"manual-de-debate-guia-practica-para-desarrollar-tus-habilidades-en-el-debate-academico-y-la-oratoria","status":"publish","type":"post","link":"https:\/\/se-ret.org\/index.php\/2023\/02\/11\/manual-de-debate-guia-practica-para-desarrollar-tus-habilidades-en-el-debate-academico-y-la-oratoria\/","title":{"rendered":"Manual de debate: gu\u00eda pr\u00e1ctica para desarrollar tus habilidades en el debate acad\u00e9mico y la oratoria"},"content":{"rendered":"<figure class=\"wp-block-post-featured-image\"><img width=\"657\" height=\"1024\" src=\"https:\/\/se-ret.org\/wp-content\/uploads\/2023\/02\/WhatsApp-Image-2023-02-11-at-14.11.11.jpeg\" class=\"wp-image-900 avia-img-lazy-loading-900 attachment-post-thumbnail size-post-thumbnail wp-post-image\" alt=\"\" loading=\"lazy\" srcset=\"https:\/\/se-ret.org\/wp-content\/uploads\/2023\/02\/WhatsApp-Image-2023-02-11-at-14.11.11.jpeg 657w, https:\/\/se-ret.org\/wp-content\/uploads\/2023\/02\/WhatsApp-Image-2023-02-11-at-14.11.11-192x300.jpeg 192w, https:\/\/se-ret.org\/wp-content\/uploads\/2023\/02\/WhatsApp-Image-2023-02-11-at-14.11.11-51x80.jpeg 51w, https:\/\/se-ret.org\/wp-content\/uploads\/2023\/02\/WhatsApp-Image-2023-02-11-at-14.11.11-452x705.jpeg 452w\" sizes=\"(max-width: 657px) 100vw, 657px\" \/><\/figure>\n\n\n<figure class=\"wp-block-gallery has-nested-images columns-default is-cropped\"><\/figure>\n","protected":false},"excerpt":{"rendered":"","protected":false},"author":2,"featured_media":900,"comment_status":"closed","ping_status":"closed","sticky":false,"template":"","format":"standard","meta":[],"categories":[1],"tags":[],"yoast_head":"<!-- This site is optimized with the Yoast SEO plugin v18.6 - https:\/\/yoast.com\/wordpress\/plugins\/seo\/ -->\n<title>Manual de debate: gu\u00eda pr\u00e1ctica para desarrollar tus habilidades en el debate acad\u00e9mico y la oratoria - SE-RET. Sociedad Espa\u00f1ola de Ret\u00f3rica<\/title>\n<meta name=\"robots\" content=\"index, follow, max-snippet:-1, max-image-preview:large, max-video-preview:-1\" \/>\n<link rel=\"canonical\" href=\"https:\/\/se-ret.org\/index.php\/2023\/02\/11\/manual-de-debate-guia-practica-para-desarrollar-tus-habilidades-en-el-debate-academico-y-la-oratoria\/\" \/>\n<meta property=\"og:locale\" content=\"es_ES\" \/>\n<meta property=\"og:type\" content=\"article\" \/>\n<meta property=\"og:title\" content=\"Manual de debate: gu\u00eda pr\u00e1ctica para desarrollar tus habilidades en el debate acad\u00e9mico y la oratoria - SE-RET. Sociedad Espa\u00f1ola de Ret\u00f3rica\" \/>\n<meta property=\"og:url\" content=\"https:\/\/se-ret.org\/index.php\/2023\/02\/11\/manual-de-debate-guia-practica-para-desarrollar-tus-habilidades-en-el-debate-academico-y-la-oratoria\/\" \/>\n<meta property=\"og:site_name\" content=\"SE-RET. Sociedad Espa\u00f1ola de Ret\u00f3rica\" \/>\n<meta property=\"article:published_time\" content=\"2023-02-11T13:18:23+00:00\" \/>\n<meta property=\"article:modified_time\" content=\"2023-02-11T13:19:30+00:00\" \/>\n<meta property=\"og:image\" content=\"https:\/\/se-ret.org\/wp-content\/uploads\/2023\/02\/WhatsApp-Image-2023-02-11-at-14.11.11.jpeg\" \/>\n\t<meta property=\"og:image:width\" content=\"657\" \/>\n\t<meta property=\"og:image:height\" content=\"1024\" \/>\n\t<meta property=\"og:image:type\" content=\"image\/jpeg\" \/>\n<meta name=\"twitter:card\" content=\"summary_large_image\" \/>\n<meta name=\"twitter:label1\" content=\"Escrito por\" \/>\n\t<meta name=\"twitter:data1\" content=\"Secretar\u00eda SE-Ret\" \/>\n<script type=\"application\/ld+json\" class=\"yoast-schema-graph\">{\"@context\":\"https:\/\/schema.org\",\"@graph\":[{\"@type\":\"WebSite\",\"@id\":\"https:\/\/se-ret.org\/#website\",\"url\":\"https:\/\/se-ret.org\/\",\"name\":\"SE-RET. Sociedad Espa\u00f1ola de Ret\u00f3rica\",\"description\":\"\",\"potentialAction\":[{\"@type\":\"SearchAction\",\"target\":{\"@type\":\"EntryPoint\",\"urlTemplate\":\"https:\/\/se-ret.org\/?s={search_term_string}\"},\"query-input\":\"required name=search_term_string\"}],\"inLanguage\":\"es\"},{\"@type\":\"ImageObject\",\"@id\":\"https:\/\/se-ret.org\/index.php\/2023\/02\/11\/manual-de-debate-guia-practica-para-desarrollar-tus-habilidades-en-el-debate-academico-y-la-oratoria\/#primaryimage\",\"inLanguage\":\"es\",\"url\":\"https:\/\/se-ret.org\/wp-content\/uploads\/2023\/02\/WhatsApp-Image-2023-02-11-at-14.11.11.jpeg\",\"contentUrl\":\"https:\/\/se-ret.org\/wp-content\/uploads\/2023\/02\/WhatsApp-Image-2023-02-11-at-14.11.11.jpeg\",\"width\":657,\"height\":1024},{\"@type\":\"WebPage\",\"@id\":\"https:\/\/se-ret.org\/index.php\/2023\/02\/11\/manual-de-debate-guia-practica-para-desarrollar-tus-habilidades-en-el-debate-academico-y-la-oratoria\/#webpage\",\"url\":\"https:\/\/se-ret.org\/index.php\/2023\/02\/11\/manual-de-debate-guia-practica-para-desarrollar-tus-habilidades-en-el-debate-academico-y-la-oratoria\/\",\"name\":\"Manual de debate: gu\u00eda pr\u00e1ctica para desarrollar tus habilidades en el debate acad\u00e9mico y la oratoria - SE-RET. Sociedad Espa\u00f1ola de Ret\u00f3rica\",\"isPartOf\":{\"@id\":\"https:\/\/se-ret.org\/#website\"},\"primaryImageOfPage\":{\"@id\":\"https:\/\/se-ret.org\/index.php\/2023\/02\/11\/manual-de-debate-guia-practica-para-desarrollar-tus-habilidades-en-el-debate-academico-y-la-oratoria\/#primaryimage\"},\"datePublished\":\"2023-02-11T13:18:23+00:00\",\"dateModified\":\"2023-02-11T13:19:30+00:00\",\"author\":{\"@id\":\"https:\/\/se-ret.org\/#\/schema\/person\/a75788006f9b0bd21acb5ac502d4c3a3\"},\"breadcrumb\":{\"@id\":\"https:\/\/se-ret.org\/index.php\/2023\/02\/11\/manual-de-debate-guia-practica-para-desarrollar-tus-habilidades-en-el-debate-academico-y-la-oratoria\/#breadcrumb\"},\"inLanguage\":\"es\",\"potentialAction\":[{\"@type\":\"ReadAction\",\"target\":[\"https:\/\/se-ret.org\/index.php\/2023\/02\/11\/manual-de-debate-guia-practica-para-desarrollar-tus-habilidades-en-el-debate-academico-y-la-oratoria\/\"]}]},{\"@type\":\"BreadcrumbList\",\"@id\":\"https:\/\/se-ret.org\/index.php\/2023\/02\/11\/manual-de-debate-guia-practica-para-desarrollar-tus-habilidades-en-el-debate-academico-y-la-oratoria\/#breadcrumb\",\"itemListElement\":[{\"@type\":\"ListItem\",\"position\":1,\"name\":\"Portada\",\"item\":\"https:\/\/se-ret.org\/index.php\/noticias\/\"},{\"@type\":\"ListItem\",\"position\":2,\"name\":\"Manual de debate: gu\u00eda pr\u00e1ctica para desarrollar tus habilidades en el debate acad\u00e9mico y la oratoria\"}]},{\"@type\":\"Person\",\"@id\":\"https:\/\/se-ret.org\/#\/schema\/person\/a75788006f9b0bd21acb5ac502d4c3a3\",\"name\":\"Secretar\u00eda SE-Ret\",\"url\":\"https:\/\/se-ret.org\/index.php\/author\/dahdelafuente\/\"}]}<\/script>\n<!-- \/ Yoast SEO plugin. -->","yoast_head_json":{"title":"Manual de debate: gu\u00eda pr\u00e1ctica para desarrollar tus habilidades en el debate acad\u00e9mico y la oratoria - SE-RET. Sociedad Espa\u00f1ola de Ret\u00f3rica","robots":{"index":"index","follow":"follow","max-snippet":"max-snippet:-1","max-image-preview":"max-image-preview:large","max-video-preview":"max-video-preview:-1"},"canonical":"https:\/\/se-ret.org\/index.php\/2023\/02\/11\/manual-de-debate-guia-practica-para-desarrollar-tus-habilidades-en-el-debate-academico-y-la-oratoria\/","og_locale":"es_ES","og_type":"article","og_title":"Manual de debate: gu\u00eda pr\u00e1ctica para desarrollar tus habilidades en el debate acad\u00e9mico y la oratoria - SE-RET. Sociedad Espa\u00f1ola de Ret\u00f3rica","og_url":"https:\/\/se-ret.org\/index.php\/2023\/02\/11\/manual-de-debate-guia-practica-para-desarrollar-tus-habilidades-en-el-debate-academico-y-la-oratoria\/","og_site_name":"SE-RET. Sociedad Espa\u00f1ola de Ret\u00f3rica","article_published_time":"2023-02-11T13:18:23+00:00","article_modified_time":"2023-02-11T13:19:30+00:00","og_image":[{"width":657,"height":1024,"url":"https:\/\/se-ret.org\/wp-content\/uploads\/2023\/02\/WhatsApp-Image-2023-02-11-at-14.11.11.jpeg","type":"image\/jpeg"}],"twitter_card":"summary_large_image","twitter_misc":{"Escrito por":"Secretar\u00eda SE-Ret"},"schema":{"@context":"https:\/\/schema.org","@graph":[{"@type":"WebSite","@id":"https:\/\/se-ret.org\/#website","url":"https:\/\/se-ret.org\/","name":"SE-RET. Sociedad Espa\u00f1ola de Ret\u00f3rica","description":"","potentialAction":[{"@type":"SearchAction","target":{"@type":"EntryPoint","urlTemplate":"https:\/\/se-ret.org\/?s={search_term_string}"},"query-input":"required name=search_term_string"}],"inLanguage":"es"},{"@type":"ImageObject","@id":"https:\/\/se-ret.org\/index.php\/2023\/02\/11\/manual-de-debate-guia-practica-para-desarrollar-tus-habilidades-en-el-debate-academico-y-la-oratoria\/#primaryimage","inLanguage":"es","url":"https:\/\/se-ret.org\/wp-content\/uploads\/2023\/02\/WhatsApp-Image-2023-02-11-at-14.11.11.jpeg","contentUrl":"https:\/\/se-ret.org\/wp-content\/uploads\/2023\/02\/WhatsApp-Image-2023-02-11-at-14.11.11.jpeg","width":657,"height":1024},{"@type":"WebPage","@id":"https:\/\/se-ret.org\/index.php\/2023\/02\/11\/manual-de-debate-guia-practica-para-desarrollar-tus-habilidades-en-el-debate-academico-y-la-oratoria\/#webpage","url":"https:\/\/se-ret.org\/index.php\/2023\/02\/11\/manual-de-debate-guia-practica-para-desarrollar-tus-habilidades-en-el-debate-academico-y-la-oratoria\/","name":"Manual de debate: gu\u00eda pr\u00e1ctica para desarrollar tus habilidades en el debate acad\u00e9mico y la oratoria - SE-RET. Sociedad Espa\u00f1ola de Ret\u00f3rica","isPartOf":{"@id":"https:\/\/se-ret.org\/#website"},"primaryImageOfPage":{"@id":"https:\/\/se-ret.org\/index.php\/2023\/02\/11\/manual-de-debate-guia-practica-para-desarrollar-tus-habilidades-en-el-debate-academico-y-la-oratoria\/#primaryimage"},"datePublished":"2023-02-11T13:18:23+00:00","dateModified":"2023-02-11T13:19:30+00:00","author":{"@id":"https:\/\/se-ret.org\/#\/schema\/person\/a75788006f9b0bd21acb5ac502d4c3a3"},"breadcrumb":{"@id":"https:\/\/se-ret.org\/index.php\/2023\/02\/11\/manual-de-debate-guia-practica-para-desarrollar-tus-habilidades-en-el-debate-academico-y-la-oratoria\/#breadcrumb"},"inLanguage":"es","potentialAction":[{"@type":"ReadAction","target":["https:\/\/se-ret.org\/index.php\/2023\/02\/11\/manual-de-debate-guia-practica-para-desarrollar-tus-habilidades-en-el-debate-academico-y-la-oratoria\/"]}]},{"@type":"BreadcrumbList","@id":"https:\/\/se-ret.org\/index.php\/2023\/02\/11\/manual-de-debate-guia-practica-para-desarrollar-tus-habilidades-en-el-debate-academico-y-la-oratoria\/#breadcrumb","itemListElement":[{"@type":"ListItem","position":1,"name":"Portada","item":"https:\/\/se-ret.org\/index.php\/noticias\/"},{"@type":"ListItem","position":2,"name":"Manual de debate: gu\u00eda pr\u00e1ctica para desarrollar tus habilidades en el debate acad\u00e9mico y la oratoria"}]},{"@type":"Person","@id":"https:\/\/se-ret.org\/#\/schema\/person\/a75788006f9b0bd21acb5ac502d4c3a3","name":"Secretar\u00eda SE-Ret","url":"https:\/\/se-ret.org\/index.php\/author\/dahdelafuente\/"}]}},"_links":{"self":[{"href":"https:\/\/se-ret.org\/index.php\/wp-json\/wp\/v2\/posts\/899"}],"collection":[{"href":"https:\/\/se-ret.org\/index.php\/wp-json\/wp\/v2\/posts"}],"about":[{"href":"https:\/\/se-ret.org\/index.php\/wp-json\/wp\/v2\/types\/post"}],"author":[{"embeddable":true,"href":"https:\/\/se-ret.org\/index.php\/wp-json\/wp\/v2\/users\/2"}],"replies":[{"embeddable":true,"href":"https:\/\/se-ret.org\/index.php\/wp-json\/wp\/v2\/comments?post=899"}],"version-history":[{"count":2,"href":"https:\/\/se-ret.org\/index.php\/wp-json\/wp\/v2\/posts\/899\/revisions"}],"predecessor-version":[{"id":903,"href":"https:\/\/se-ret.org\/index.php\/wp-json\/wp\/v2\/posts\/899\/revisions\/903"}],"wp:featuredmedia":[{"embeddable":true,"href":"https:\/\/se-ret.org\/index.php\/wp-json\/wp\/v2\/media\/900"}],"wp:attachment":[{"href":"https:\/\/se-ret.org\/index.php\/wp-json\/wp\/v2\/media?parent=899"}],"wp:term":[{"taxonomy":"category","embeddable":true,"href":"https:\/\/se-ret.org\/index.php\/wp-json\/wp\/v2\/categories?post=899"},{"taxonomy":"post_tag","embeddable":true,"href":"https:\/\/se-ret.org\/index.php\/wp-json\/wp\/v2\/tags?post=899"}],"curies":[{"name":"wp","href":"https:\/\/api.w.org\/{rel}","templated":true}]}}