{"id":892,"date":"2023-02-07T10:55:54","date_gmt":"2023-02-07T09:55:54","guid":{"rendered":"https:\/\/se-ret.org\/?p=892"},"modified":"2023-02-07T10:55:56","modified_gmt":"2023-02-07T09:55:56","slug":"curso-de-veranoretorica-y-oratoria-persuadir-a-traves-de-la-palabra-y-el-gesto-i-ii","status":"publish","type":"post","link":"https:\/\/se-ret.org\/index.php\/2023\/02\/07\/curso-de-veranoretorica-y-oratoria-persuadir-a-traves-de-la-palabra-y-el-gesto-i-ii\/","title":{"rendered":"Curso de verano\u00bbRet\u00f3rica y oratoria: persuadir a trav\u00e9s de la palabra y el gesto\u00bb (I-II)"},"content":{"rendered":"\n<p><\/p>\n\n\n<p>Del 3 al 21 de julio de 2023, y en su tercera edici\u00f3n, se celebran los cursos de Ret\u00f3rica y Oratoria de la Escuela Complutense de Verano. Dirigidos por los profesores Carmen Gonz\u00e1lez V\u00e1zquez (UAM) y David Hern\u00e1ndez de la Fuente (UCM), cuentan con una n\u00f3mina excelente de profesores de Humanidades, Ciencias Sociales y Artes Esc\u00e9nicas. Siguiendo una metodolog\u00eda combinada entre estas \u00e1reas, el curso est\u00e1 dirigido a personas interesadas en la pr\u00e1ctica de hablar en p\u00fablico, desde la teor\u00eda a la acci\u00f3n y pr\u00e1ctica. Como novedad, este a\u00f1o se presenta el curso subdividido en dos niveles, inicial y avanzado. El nivel I est\u00e1 concebido para un alumnado que no posea conocimientos previos en ret\u00f3rica u oratoria. El nivel II est\u00e1 concebido para un alumnado que ya haya cursado el nivel I o que muestre conocimientos previos en ret\u00f3rica u oratoria y quiera perfeccionar su pr\u00e1ctica de hablar en p\u00fablico. <\/p>\n<p>Para el programa completo v\u00e9ase la web <em>Ret\u00f3rica y oratoria: persuadir a trav\u00e9s de la palabra y el gesto I<\/em> <a href=\"https:\/\/www.ucm.es\/escuelacomplutense\/\/d07_pre\">(CURSO INICIAL)<\/a> y <em>Ret\u00f3rica y oratoria: persuadir a trav\u00e9s de la palabra y el gesto II<\/em> <a href=\"https:\/\/www.ucm.es\/escuelacomplutense\/\/d08_pre\">(CURSO AVANZADO)<\/a>. <\/p>\n<p>Informaci\u00f3n general y matr\u00edcula: +3491394 8408 \/8405 \/ 8406 \/ 6480 \/ 8404 (correo.e: matriculaecv@ucm.es; whatsapp: +34 646 237 724). Informaci\u00f3n acad\u00e9mica: secretariaalumnos@ucm.es<\/p>\n","protected":false},"excerpt":{"rendered":"","protected":false},"author":2,"featured_media":894,"comment_status":"closed","ping_status":"closed","sticky":false,"template":"","format":"standard","meta":[],"categories":[1],"tags":[],"yoast_head":"<!-- This site is optimized with the Yoast SEO plugin v18.6 - https:\/\/yoast.com\/wordpress\/plugins\/seo\/ -->\n<title>Curso de verano&quot;Ret\u00f3rica y oratoria: persuadir a trav\u00e9s de la palabra y el gesto&quot; (I-II) - SE-RET. Sociedad Espa\u00f1ola de Ret\u00f3rica<\/title>\n<meta name=\"robots\" content=\"index, follow, max-snippet:-1, max-image-preview:large, max-video-preview:-1\" \/>\n<link rel=\"canonical\" href=\"https:\/\/se-ret.org\/index.php\/2023\/02\/07\/curso-de-veranoretorica-y-oratoria-persuadir-a-traves-de-la-palabra-y-el-gesto-i-ii\/\" \/>\n<meta property=\"og:locale\" content=\"es_ES\" \/>\n<meta property=\"og:type\" content=\"article\" \/>\n<meta property=\"og:title\" content=\"Curso de verano&quot;Ret\u00f3rica y oratoria: persuadir a trav\u00e9s de la palabra y el gesto&quot; (I-II) - SE-RET. Sociedad Espa\u00f1ola de Ret\u00f3rica\" \/>\n<meta property=\"og:url\" content=\"https:\/\/se-ret.org\/index.php\/2023\/02\/07\/curso-de-veranoretorica-y-oratoria-persuadir-a-traves-de-la-palabra-y-el-gesto-i-ii\/\" \/>\n<meta property=\"og:site_name\" content=\"SE-RET. Sociedad Espa\u00f1ola de Ret\u00f3rica\" \/>\n<meta property=\"article:published_time\" content=\"2023-02-07T09:55:54+00:00\" \/>\n<meta property=\"article:modified_time\" content=\"2023-02-07T09:55:56+00:00\" \/>\n<meta property=\"og:image\" content=\"https:\/\/se-ret.org\/wp-content\/uploads\/2023\/02\/Curso-presencial-1.png\" \/>\n\t<meta property=\"og:image:width\" content=\"1024\" \/>\n\t<meta property=\"og:image:height\" content=\"512\" \/>\n\t<meta property=\"og:image:type\" content=\"image\/png\" \/>\n<meta name=\"twitter:card\" content=\"summary_large_image\" \/>\n<meta name=\"twitter:label1\" content=\"Escrito por\" \/>\n\t<meta name=\"twitter:data1\" content=\"Secretar\u00eda SE-Ret\" \/>\n\t<meta name=\"twitter:label2\" content=\"Tiempo de lectura\" \/>\n\t<meta name=\"twitter:data2\" content=\"1 minuto\" \/>\n<script type=\"application\/ld+json\" class=\"yoast-schema-graph\">{\"@context\":\"https:\/\/schema.org\",\"@graph\":[{\"@type\":\"WebSite\",\"@id\":\"https:\/\/se-ret.org\/#website\",\"url\":\"https:\/\/se-ret.org\/\",\"name\":\"SE-RET. Sociedad Espa\u00f1ola de Ret\u00f3rica\",\"description\":\"\",\"potentialAction\":[{\"@type\":\"SearchAction\",\"target\":{\"@type\":\"EntryPoint\",\"urlTemplate\":\"https:\/\/se-ret.org\/?s={search_term_string}\"},\"query-input\":\"required name=search_term_string\"}],\"inLanguage\":\"es\"},{\"@type\":\"ImageObject\",\"@id\":\"https:\/\/se-ret.org\/index.php\/2023\/02\/07\/curso-de-veranoretorica-y-oratoria-persuadir-a-traves-de-la-palabra-y-el-gesto-i-ii\/#primaryimage\",\"inLanguage\":\"es\",\"url\":\"https:\/\/se-ret.org\/wp-content\/uploads\/2023\/02\/Curso-presencial-1.png\",\"contentUrl\":\"https:\/\/se-ret.org\/wp-content\/uploads\/2023\/02\/Curso-presencial-1.png\",\"width\":1024,\"height\":512},{\"@type\":\"WebPage\",\"@id\":\"https:\/\/se-ret.org\/index.php\/2023\/02\/07\/curso-de-veranoretorica-y-oratoria-persuadir-a-traves-de-la-palabra-y-el-gesto-i-ii\/#webpage\",\"url\":\"https:\/\/se-ret.org\/index.php\/2023\/02\/07\/curso-de-veranoretorica-y-oratoria-persuadir-a-traves-de-la-palabra-y-el-gesto-i-ii\/\",\"name\":\"Curso de verano\\\"Ret\u00f3rica y oratoria: persuadir a trav\u00e9s de la palabra y el gesto\\\" (I-II) - SE-RET. Sociedad Espa\u00f1ola de Ret\u00f3rica\",\"isPartOf\":{\"@id\":\"https:\/\/se-ret.org\/#website\"},\"primaryImageOfPage\":{\"@id\":\"https:\/\/se-ret.org\/index.php\/2023\/02\/07\/curso-de-veranoretorica-y-oratoria-persuadir-a-traves-de-la-palabra-y-el-gesto-i-ii\/#primaryimage\"},\"datePublished\":\"2023-02-07T09:55:54+00:00\",\"dateModified\":\"2023-02-07T09:55:56+00:00\",\"author\":{\"@id\":\"https:\/\/se-ret.org\/#\/schema\/person\/a75788006f9b0bd21acb5ac502d4c3a3\"},\"breadcrumb\":{\"@id\":\"https:\/\/se-ret.org\/index.php\/2023\/02\/07\/curso-de-veranoretorica-y-oratoria-persuadir-a-traves-de-la-palabra-y-el-gesto-i-ii\/#breadcrumb\"},\"inLanguage\":\"es\",\"potentialAction\":[{\"@type\":\"ReadAction\",\"target\":[\"https:\/\/se-ret.org\/index.php\/2023\/02\/07\/curso-de-veranoretorica-y-oratoria-persuadir-a-traves-de-la-palabra-y-el-gesto-i-ii\/\"]}]},{\"@type\":\"BreadcrumbList\",\"@id\":\"https:\/\/se-ret.org\/index.php\/2023\/02\/07\/curso-de-veranoretorica-y-oratoria-persuadir-a-traves-de-la-palabra-y-el-gesto-i-ii\/#breadcrumb\",\"itemListElement\":[{\"@type\":\"ListItem\",\"position\":1,\"name\":\"Portada\",\"item\":\"https:\/\/se-ret.org\/index.php\/noticias\/\"},{\"@type\":\"ListItem\",\"position\":2,\"name\":\"Curso de verano\u00bbRet\u00f3rica y oratoria: persuadir a trav\u00e9s de la palabra y el gesto\u00bb (I-II)\"}]},{\"@type\":\"Person\",\"@id\":\"https:\/\/se-ret.org\/#\/schema\/person\/a75788006f9b0bd21acb5ac502d4c3a3\",\"name\":\"Secretar\u00eda SE-Ret\",\"url\":\"https:\/\/se-ret.org\/index.php\/author\/dahdelafuente\/\"}]}<\/script>\n<!-- \/ Yoast SEO plugin. -->","yoast_head_json":{"title":"Curso de verano\"Ret\u00f3rica y oratoria: persuadir a trav\u00e9s de la palabra y el gesto\" (I-II) - SE-RET. Sociedad Espa\u00f1ola de Ret\u00f3rica","robots":{"index":"index","follow":"follow","max-snippet":"max-snippet:-1","max-image-preview":"max-image-preview:large","max-video-preview":"max-video-preview:-1"},"canonical":"https:\/\/se-ret.org\/index.php\/2023\/02\/07\/curso-de-veranoretorica-y-oratoria-persuadir-a-traves-de-la-palabra-y-el-gesto-i-ii\/","og_locale":"es_ES","og_type":"article","og_title":"Curso de verano\"Ret\u00f3rica y oratoria: persuadir a trav\u00e9s de la palabra y el gesto\" (I-II) - SE-RET. Sociedad Espa\u00f1ola de Ret\u00f3rica","og_url":"https:\/\/se-ret.org\/index.php\/2023\/02\/07\/curso-de-veranoretorica-y-oratoria-persuadir-a-traves-de-la-palabra-y-el-gesto-i-ii\/","og_site_name":"SE-RET. Sociedad Espa\u00f1ola de Ret\u00f3rica","article_published_time":"2023-02-07T09:55:54+00:00","article_modified_time":"2023-02-07T09:55:56+00:00","og_image":[{"width":1024,"height":512,"url":"https:\/\/se-ret.org\/wp-content\/uploads\/2023\/02\/Curso-presencial-1.png","type":"image\/png"}],"twitter_card":"summary_large_image","twitter_misc":{"Escrito por":"Secretar\u00eda SE-Ret","Tiempo de lectura":"1 minuto"},"schema":{"@context":"https:\/\/schema.org","@graph":[{"@type":"WebSite","@id":"https:\/\/se-ret.org\/#website","url":"https:\/\/se-ret.org\/","name":"SE-RET. Sociedad Espa\u00f1ola de Ret\u00f3rica","description":"","potentialAction":[{"@type":"SearchAction","target":{"@type":"EntryPoint","urlTemplate":"https:\/\/se-ret.org\/?s={search_term_string}"},"query-input":"required name=search_term_string"}],"inLanguage":"es"},{"@type":"ImageObject","@id":"https:\/\/se-ret.org\/index.php\/2023\/02\/07\/curso-de-veranoretorica-y-oratoria-persuadir-a-traves-de-la-palabra-y-el-gesto-i-ii\/#primaryimage","inLanguage":"es","url":"https:\/\/se-ret.org\/wp-content\/uploads\/2023\/02\/Curso-presencial-1.png","contentUrl":"https:\/\/se-ret.org\/wp-content\/uploads\/2023\/02\/Curso-presencial-1.png","width":1024,"height":512},{"@type":"WebPage","@id":"https:\/\/se-ret.org\/index.php\/2023\/02\/07\/curso-de-veranoretorica-y-oratoria-persuadir-a-traves-de-la-palabra-y-el-gesto-i-ii\/#webpage","url":"https:\/\/se-ret.org\/index.php\/2023\/02\/07\/curso-de-veranoretorica-y-oratoria-persuadir-a-traves-de-la-palabra-y-el-gesto-i-ii\/","name":"Curso de verano\"Ret\u00f3rica y oratoria: persuadir a trav\u00e9s de la palabra y el gesto\" (I-II) - SE-RET. Sociedad Espa\u00f1ola de Ret\u00f3rica","isPartOf":{"@id":"https:\/\/se-ret.org\/#website"},"primaryImageOfPage":{"@id":"https:\/\/se-ret.org\/index.php\/2023\/02\/07\/curso-de-veranoretorica-y-oratoria-persuadir-a-traves-de-la-palabra-y-el-gesto-i-ii\/#primaryimage"},"datePublished":"2023-02-07T09:55:54+00:00","dateModified":"2023-02-07T09:55:56+00:00","author":{"@id":"https:\/\/se-ret.org\/#\/schema\/person\/a75788006f9b0bd21acb5ac502d4c3a3"},"breadcrumb":{"@id":"https:\/\/se-ret.org\/index.php\/2023\/02\/07\/curso-de-veranoretorica-y-oratoria-persuadir-a-traves-de-la-palabra-y-el-gesto-i-ii\/#breadcrumb"},"inLanguage":"es","potentialAction":[{"@type":"ReadAction","target":["https:\/\/se-ret.org\/index.php\/2023\/02\/07\/curso-de-veranoretorica-y-oratoria-persuadir-a-traves-de-la-palabra-y-el-gesto-i-ii\/"]}]},{"@type":"BreadcrumbList","@id":"https:\/\/se-ret.org\/index.php\/2023\/02\/07\/curso-de-veranoretorica-y-oratoria-persuadir-a-traves-de-la-palabra-y-el-gesto-i-ii\/#breadcrumb","itemListElement":[{"@type":"ListItem","position":1,"name":"Portada","item":"https:\/\/se-ret.org\/index.php\/noticias\/"},{"@type":"ListItem","position":2,"name":"Curso de verano\u00bbRet\u00f3rica y oratoria: persuadir a trav\u00e9s de la palabra y el gesto\u00bb (I-II)"}]},{"@type":"Person","@id":"https:\/\/se-ret.org\/#\/schema\/person\/a75788006f9b0bd21acb5ac502d4c3a3","name":"Secretar\u00eda SE-Ret","url":"https:\/\/se-ret.org\/index.php\/author\/dahdelafuente\/"}]}},"_links":{"self":[{"href":"https:\/\/se-ret.org\/index.php\/wp-json\/wp\/v2\/posts\/892"}],"collection":[{"href":"https:\/\/se-ret.org\/index.php\/wp-json\/wp\/v2\/posts"}],"about":[{"href":"https:\/\/se-ret.org\/index.php\/wp-json\/wp\/v2\/types\/post"}],"author":[{"embeddable":true,"href":"https:\/\/se-ret.org\/index.php\/wp-json\/wp\/v2\/users\/2"}],"replies":[{"embeddable":true,"href":"https:\/\/se-ret.org\/index.php\/wp-json\/wp\/v2\/comments?post=892"}],"version-history":[{"count":2,"href":"https:\/\/se-ret.org\/index.php\/wp-json\/wp\/v2\/posts\/892\/revisions"}],"predecessor-version":[{"id":897,"href":"https:\/\/se-ret.org\/index.php\/wp-json\/wp\/v2\/posts\/892\/revisions\/897"}],"wp:featuredmedia":[{"embeddable":true,"href":"https:\/\/se-ret.org\/index.php\/wp-json\/wp\/v2\/media\/894"}],"wp:attachment":[{"href":"https:\/\/se-ret.org\/index.php\/wp-json\/wp\/v2\/media?parent=892"}],"wp:term":[{"taxonomy":"category","embeddable":true,"href":"https:\/\/se-ret.org\/index.php\/wp-json\/wp\/v2\/categories?post=892"},{"taxonomy":"post_tag","embeddable":true,"href":"https:\/\/se-ret.org\/index.php\/wp-json\/wp\/v2\/tags?post=892"}],"curies":[{"name":"wp","href":"https:\/\/api.w.org\/{rel}","templated":true}]}}