{"id":855,"date":"2023-01-11T10:44:14","date_gmt":"2023-01-11T09:44:14","guid":{"rendered":"https:\/\/se-ret.org\/?p=855"},"modified":"2023-01-11T10:44:17","modified_gmt":"2023-01-11T09:44:17","slug":"marc-van-der-poel-1957-2022-in-memoriam","status":"publish","type":"post","link":"https:\/\/se-ret.org\/index.php\/2023\/01\/11\/marc-van-der-poel-1957-2022-in-memoriam\/","title":{"rendered":"Marc van der Poel (1957-2022). In memoriam"},"content":{"rendered":"\n<p><\/p>\n\n\n\n<p>El pasado a\u00f1o 2022 termin\u00f3 con una noticia triste e inesperada: nuestro maestro, colega y amigo, el profesor Marc van der Poel, fallec\u00eda el 18 de diciembre, tras una enfermedad que deterior\u00f3 su salud r\u00e1pida e irreversiblemente.<\/p>\n\n\n\n<p>El profesor van der Poel, catedr\u00e1tico en el departamento de Lenguas y Literaturas Cl\u00e1sicas de la Universidad Radboud de Nimega (la antigua Katholieke Universiteit Nijmegen), y director del \u00e1rea de Lat\u00edn durante muchos a\u00f1os, viv\u00eda, seg\u00fan reconocen otros profesores y alumnos, en y para esta lengua y para su literatura, aunque siempre aliment\u00f3 un inter\u00e9s paralelo por la ret\u00f3rica griega. Sus investigaciones de juventud le revelaron los escritos de los humanistas de la Europa moderna (Rudolphus Agricola, Justus Lipsius, Girolamo Cardano, Petrus Ramus, Adrianus Turnebus y, c\u00f3mo no, tambi\u00e9n Erasmo de Rotterdam). A todos ellos los visit\u00f3 y edit\u00f3 en diversos momentos de su vida, difundiendo su obra entre sucesivas generaciones de estudiantes y doctorandos de universidades europeas y americanas (Princeton, Toronto, G\u00f6ttingen, T\u00fcbingen, Copenhagen, Baltimore, Edinburgh, Warwick, y la propia Nimega). Su contribuci\u00f3n a los <em>Opera Omnia <\/em>de Erasmo (Leiden: Brill, 2016)y su edici\u00f3n en lat\u00edn y franc\u00e9s de los <em>\u00c9crits sur la dialectique et l&#8217;humanisme<\/em>\u00a0de Agricola (Paris: Garnier, 2018) figuran entre sus proyectos m\u00e1s amplios en este \u00e1mbito.<\/p>\n\n\n\n<p>Inevitablemente, esta misma curiosidad por la recepci\u00f3n y amplificaci\u00f3n de la literatura cl\u00e1sica desarrollada por los humanistas italianos, franceses, flamencos y neerlandeses ten\u00eda que llevarlo a profundizar en las fuentes cl\u00e1sicas de la ret\u00f3rica: el estudio de Cicer\u00f3n, el griego de Menandro el r\u00e9tor, la paradoja c\u00f3mica, la tradici\u00f3n pedag\u00f3gica de las <em>artes liberales <\/em>y los <em>progymnasmata<\/em>, fueron a\u00f1adi\u00e9ndose a sus autores y temas preferidos. En sus \u00faltimos a\u00f1os, colaborar\u00eda con el profesor em\u00e9rito James J. (Jerry) Murphy (U.C. Davis) para la edici\u00f3n del <em>Oxford Handbook of Quintilian <\/em>(Oxford: Oxford University Press, 2021), muestra reciente de la investigaci\u00f3n internacional sobre el maestro hispano-romano.<\/p>\n\n\n\n<p>Su profunda convicci\u00f3n acerca de la necesidad de aplicar los principios de la filolog\u00eda al estudio de las obras tanto cl\u00e1sicas como altomodernas no le imped\u00eda apreciar la necesidad de abrir el an\u00e1lisis a la observaci\u00f3n de aspectos materiales del libro y la cultura, intereses muy extendidos entre los investigadores de los a\u00f1os 1990 y 2000. As\u00ed lo recogieron publicaciones y conferencias como la celebrada en la ciudad neerlandesa de Lovaina la Nueva en 2010, que culmin\u00f3 con su edici\u00f3n de <em>Neo-Latin Philology: Old Tradition, New Approaches <\/em>(<em>Supplementa Humanistica Lovaniensia<\/em>. Leuven: Leuven University Press, 2014). Siempre abierto a propuestas inteligentes de estudiantes y colegas, manifestaba sin embargo una silenciosa y respetuosa, pero igualmente clara firmeza frente a cualquier intento oportunista de desvirtuar o fragmentar la comprensi\u00f3n de la literatura cl\u00e1sica o moderna al abrigo de modas acad\u00e9micas m\u00e1s recientes. \u00c9ste fue el esp\u00edritu que gui\u00f3 su etapa como editor jefe de la revista <em>Rhetorica. <\/em><em>Journal of the History of Rhetoric<\/em> &#8211; sustituyendo a su amigo y colaborador, el profesor Mike Edwards (Queen Mary University. Londres)- y como editor asociado del <em>Journal of Early Modern Intellectual Culture and its Sources <\/em>(<em>LIAS<\/em>).<\/p>\n\n\n\n<p>Como presidente de la <em>International Society for the History of Rhetoric <\/em>(2018-2022) dirigi\u00f3 y organiz\u00f3 el 23er. congreso bienal celebrado por esta organizaci\u00f3n en 2022, precisamente en su universidad de Nimega, tras dos largos a\u00f1os de confinamientos y \u2013ahora lo sabemos- sobreponi\u00e9ndose a circunstancias personales que podr\u00edan haberle dificultado la tarea. Al m\u00e1s puro estilo romano, eligi\u00f3 no manifestar debilidad alguna: llev\u00f3 adelante el congreso aport\u00e1ndonos su experiencia, su capacidad para escuchar y discernir lo mejor desde el respeto, y nos enriqueci\u00f3 a todos con su confianza en la profesionalidad del amplio equipo de colaboradores con el que cont\u00f3. Deja la ISHR equilibrada, saneada y en plena forma, aunque todos los que formamos parte del mundo de la ret\u00f3rica vamos a echar de menos su elegante presencia, su hospitalidad acad\u00e9mica y su creencia en el sistema colegial.<\/p>\n\n\n\n<p>Se ha ido como vivi\u00f3: con la tarea terminada, dejando huella en el silencio. Las personas que estuvieron m\u00e1s cerca de \u00e9l cuentan que, en sus \u00faltimos d\u00edas, les ha transmitido un legado de generosidad y de paz. STTL, Marc.<\/p>\n\n\n\n<p><strong>Dra. Luc\u00eda D\u00edaz Marroqu\u00edn<\/strong><\/p>\n\n\n\n<p><strong>Universidad Complutense de Madrid<\/strong><\/p>\n\n\n\n<p><strong>1 de febrero 2023<\/strong><\/p>\n","protected":false},"excerpt":{"rendered":"<p>El pasado a\u00f1o 2022 termin\u00f3 con una noticia triste e inesperada: nuestro maestro, colega y amigo, el profesor Marc van der Poel, fallec\u00eda el 18 de diciembre, tras una enfermedad que deterior\u00f3 su salud r\u00e1pida e irreversiblemente. El profesor van der Poel, catedr\u00e1tico en el departamento de Lenguas y Literaturas Cl\u00e1sicas de la Universidad Radboud [&hellip;]<\/p>\n","protected":false},"author":2,"featured_media":0,"comment_status":"closed","ping_status":"closed","sticky":false,"template":"","format":"standard","meta":[],"categories":[1],"tags":[],"yoast_head":"<!-- This site is optimized with the Yoast SEO plugin v18.6 - https:\/\/yoast.com\/wordpress\/plugins\/seo\/ -->\n<title>Marc van der Poel (1957-2022). In memoriam - SE-RET. Sociedad Espa\u00f1ola de Ret\u00f3rica<\/title>\n<meta name=\"robots\" content=\"index, follow, max-snippet:-1, max-image-preview:large, max-video-preview:-1\" \/>\n<link rel=\"canonical\" href=\"https:\/\/se-ret.org\/index.php\/2023\/01\/11\/marc-van-der-poel-1957-2022-in-memoriam\/\" \/>\n<meta property=\"og:locale\" content=\"es_ES\" \/>\n<meta property=\"og:type\" content=\"article\" \/>\n<meta property=\"og:title\" content=\"Marc van der Poel (1957-2022). In memoriam - SE-RET. Sociedad Espa\u00f1ola de Ret\u00f3rica\" \/>\n<meta property=\"og:description\" content=\"El pasado a\u00f1o 2022 termin\u00f3 con una noticia triste e inesperada: nuestro maestro, colega y amigo, el profesor Marc van der Poel, fallec\u00eda el 18 de diciembre, tras una enfermedad que deterior\u00f3 su salud r\u00e1pida e irreversiblemente. El profesor van der Poel, catedr\u00e1tico en el departamento de Lenguas y Literaturas Cl\u00e1sicas de la Universidad Radboud [&hellip;]\" \/>\n<meta property=\"og:url\" content=\"https:\/\/se-ret.org\/index.php\/2023\/01\/11\/marc-van-der-poel-1957-2022-in-memoriam\/\" \/>\n<meta property=\"og:site_name\" content=\"SE-RET. Sociedad Espa\u00f1ola de Ret\u00f3rica\" \/>\n<meta property=\"article:published_time\" content=\"2023-01-11T09:44:14+00:00\" \/>\n<meta property=\"article:modified_time\" content=\"2023-01-11T09:44:17+00:00\" \/>\n<meta name=\"twitter:card\" content=\"summary_large_image\" \/>\n<meta name=\"twitter:label1\" content=\"Escrito por\" \/>\n\t<meta name=\"twitter:data1\" content=\"Secretar\u00eda SE-Ret\" \/>\n\t<meta name=\"twitter:label2\" content=\"Tiempo de lectura\" \/>\n\t<meta name=\"twitter:data2\" content=\"4 minutos\" \/>\n<script type=\"application\/ld+json\" class=\"yoast-schema-graph\">{\"@context\":\"https:\/\/schema.org\",\"@graph\":[{\"@type\":\"WebSite\",\"@id\":\"https:\/\/se-ret.org\/#website\",\"url\":\"https:\/\/se-ret.org\/\",\"name\":\"SE-RET. Sociedad Espa\u00f1ola de Ret\u00f3rica\",\"description\":\"\",\"potentialAction\":[{\"@type\":\"SearchAction\",\"target\":{\"@type\":\"EntryPoint\",\"urlTemplate\":\"https:\/\/se-ret.org\/?s={search_term_string}\"},\"query-input\":\"required name=search_term_string\"}],\"inLanguage\":\"es\"},{\"@type\":\"WebPage\",\"@id\":\"https:\/\/se-ret.org\/index.php\/2023\/01\/11\/marc-van-der-poel-1957-2022-in-memoriam\/#webpage\",\"url\":\"https:\/\/se-ret.org\/index.php\/2023\/01\/11\/marc-van-der-poel-1957-2022-in-memoriam\/\",\"name\":\"Marc van der Poel (1957-2022). In memoriam - SE-RET. Sociedad Espa\u00f1ola de Ret\u00f3rica\",\"isPartOf\":{\"@id\":\"https:\/\/se-ret.org\/#website\"},\"datePublished\":\"2023-01-11T09:44:14+00:00\",\"dateModified\":\"2023-01-11T09:44:17+00:00\",\"author\":{\"@id\":\"https:\/\/se-ret.org\/#\/schema\/person\/a75788006f9b0bd21acb5ac502d4c3a3\"},\"breadcrumb\":{\"@id\":\"https:\/\/se-ret.org\/index.php\/2023\/01\/11\/marc-van-der-poel-1957-2022-in-memoriam\/#breadcrumb\"},\"inLanguage\":\"es\",\"potentialAction\":[{\"@type\":\"ReadAction\",\"target\":[\"https:\/\/se-ret.org\/index.php\/2023\/01\/11\/marc-van-der-poel-1957-2022-in-memoriam\/\"]}]},{\"@type\":\"BreadcrumbList\",\"@id\":\"https:\/\/se-ret.org\/index.php\/2023\/01\/11\/marc-van-der-poel-1957-2022-in-memoriam\/#breadcrumb\",\"itemListElement\":[{\"@type\":\"ListItem\",\"position\":1,\"name\":\"Portada\",\"item\":\"https:\/\/se-ret.org\/index.php\/noticias\/\"},{\"@type\":\"ListItem\",\"position\":2,\"name\":\"Marc van der Poel (1957-2022). In memoriam\"}]},{\"@type\":\"Person\",\"@id\":\"https:\/\/se-ret.org\/#\/schema\/person\/a75788006f9b0bd21acb5ac502d4c3a3\",\"name\":\"Secretar\u00eda SE-Ret\",\"url\":\"https:\/\/se-ret.org\/index.php\/author\/dahdelafuente\/\"}]}<\/script>\n<!-- \/ Yoast SEO plugin. -->","yoast_head_json":{"title":"Marc van der Poel (1957-2022). In memoriam - SE-RET. Sociedad Espa\u00f1ola de Ret\u00f3rica","robots":{"index":"index","follow":"follow","max-snippet":"max-snippet:-1","max-image-preview":"max-image-preview:large","max-video-preview":"max-video-preview:-1"},"canonical":"https:\/\/se-ret.org\/index.php\/2023\/01\/11\/marc-van-der-poel-1957-2022-in-memoriam\/","og_locale":"es_ES","og_type":"article","og_title":"Marc van der Poel (1957-2022). In memoriam - SE-RET. Sociedad Espa\u00f1ola de Ret\u00f3rica","og_description":"El pasado a\u00f1o 2022 termin\u00f3 con una noticia triste e inesperada: nuestro maestro, colega y amigo, el profesor Marc van der Poel, fallec\u00eda el 18 de diciembre, tras una enfermedad que deterior\u00f3 su salud r\u00e1pida e irreversiblemente. El profesor van der Poel, catedr\u00e1tico en el departamento de Lenguas y Literaturas Cl\u00e1sicas de la Universidad Radboud [&hellip;]","og_url":"https:\/\/se-ret.org\/index.php\/2023\/01\/11\/marc-van-der-poel-1957-2022-in-memoriam\/","og_site_name":"SE-RET. Sociedad Espa\u00f1ola de Ret\u00f3rica","article_published_time":"2023-01-11T09:44:14+00:00","article_modified_time":"2023-01-11T09:44:17+00:00","twitter_card":"summary_large_image","twitter_misc":{"Escrito por":"Secretar\u00eda SE-Ret","Tiempo de lectura":"4 minutos"},"schema":{"@context":"https:\/\/schema.org","@graph":[{"@type":"WebSite","@id":"https:\/\/se-ret.org\/#website","url":"https:\/\/se-ret.org\/","name":"SE-RET. Sociedad Espa\u00f1ola de Ret\u00f3rica","description":"","potentialAction":[{"@type":"SearchAction","target":{"@type":"EntryPoint","urlTemplate":"https:\/\/se-ret.org\/?s={search_term_string}"},"query-input":"required name=search_term_string"}],"inLanguage":"es"},{"@type":"WebPage","@id":"https:\/\/se-ret.org\/index.php\/2023\/01\/11\/marc-van-der-poel-1957-2022-in-memoriam\/#webpage","url":"https:\/\/se-ret.org\/index.php\/2023\/01\/11\/marc-van-der-poel-1957-2022-in-memoriam\/","name":"Marc van der Poel (1957-2022). In memoriam - SE-RET. Sociedad Espa\u00f1ola de Ret\u00f3rica","isPartOf":{"@id":"https:\/\/se-ret.org\/#website"},"datePublished":"2023-01-11T09:44:14+00:00","dateModified":"2023-01-11T09:44:17+00:00","author":{"@id":"https:\/\/se-ret.org\/#\/schema\/person\/a75788006f9b0bd21acb5ac502d4c3a3"},"breadcrumb":{"@id":"https:\/\/se-ret.org\/index.php\/2023\/01\/11\/marc-van-der-poel-1957-2022-in-memoriam\/#breadcrumb"},"inLanguage":"es","potentialAction":[{"@type":"ReadAction","target":["https:\/\/se-ret.org\/index.php\/2023\/01\/11\/marc-van-der-poel-1957-2022-in-memoriam\/"]}]},{"@type":"BreadcrumbList","@id":"https:\/\/se-ret.org\/index.php\/2023\/01\/11\/marc-van-der-poel-1957-2022-in-memoriam\/#breadcrumb","itemListElement":[{"@type":"ListItem","position":1,"name":"Portada","item":"https:\/\/se-ret.org\/index.php\/noticias\/"},{"@type":"ListItem","position":2,"name":"Marc van der Poel (1957-2022). In memoriam"}]},{"@type":"Person","@id":"https:\/\/se-ret.org\/#\/schema\/person\/a75788006f9b0bd21acb5ac502d4c3a3","name":"Secretar\u00eda SE-Ret","url":"https:\/\/se-ret.org\/index.php\/author\/dahdelafuente\/"}]}},"_links":{"self":[{"href":"https:\/\/se-ret.org\/index.php\/wp-json\/wp\/v2\/posts\/855"}],"collection":[{"href":"https:\/\/se-ret.org\/index.php\/wp-json\/wp\/v2\/posts"}],"about":[{"href":"https:\/\/se-ret.org\/index.php\/wp-json\/wp\/v2\/types\/post"}],"author":[{"embeddable":true,"href":"https:\/\/se-ret.org\/index.php\/wp-json\/wp\/v2\/users\/2"}],"replies":[{"embeddable":true,"href":"https:\/\/se-ret.org\/index.php\/wp-json\/wp\/v2\/comments?post=855"}],"version-history":[{"count":1,"href":"https:\/\/se-ret.org\/index.php\/wp-json\/wp\/v2\/posts\/855\/revisions"}],"predecessor-version":[{"id":856,"href":"https:\/\/se-ret.org\/index.php\/wp-json\/wp\/v2\/posts\/855\/revisions\/856"}],"wp:attachment":[{"href":"https:\/\/se-ret.org\/index.php\/wp-json\/wp\/v2\/media?parent=855"}],"wp:term":[{"taxonomy":"category","embeddable":true,"href":"https:\/\/se-ret.org\/index.php\/wp-json\/wp\/v2\/categories?post=855"},{"taxonomy":"post_tag","embeddable":true,"href":"https:\/\/se-ret.org\/index.php\/wp-json\/wp\/v2\/tags?post=855"}],"curies":[{"name":"wp","href":"https:\/\/api.w.org\/{rel}","templated":true}]}}