{"id":820,"date":"2022-11-09T14:29:27","date_gmt":"2022-11-09T13:29:27","guid":{"rendered":"https:\/\/se-ret.org\/?p=820"},"modified":"2022-11-09T18:57:08","modified_gmt":"2022-11-09T17:57:08","slug":"jornada-sobre-oratoria-forense-28-10-2022","status":"publish","type":"post","link":"https:\/\/se-ret.org\/index.php\/2022\/11\/09\/jornada-sobre-oratoria-forense-28-10-2022\/","title":{"rendered":"Jornada sobre oratoria forense (28\/10\/2022)"},"content":{"rendered":"\n<p>Jornada sobre oratoria forense organizada por nuestro socio Jes\u00fas Gonz\u00e1lez Garc\u00eda en la Facultad de Derecho de la UCM (28\/10\/2022).<\/p>\n\n\n\n<div class=\"wp-block-file\"><object class=\"wp-block-file__embed\" data=\"https:\/\/se-ret.org\/wp-content\/uploads\/2022\/11\/Poster-1.pdf\" type=\"application\/pdf\" style=\"width:100%;height:600px\" aria-label=\"Incrustado de Poster-1.\"><\/object><a id=\"wp-block-file--media-3cd37952-6666-40e2-ae86-58eeb3e19222\" href=\"https:\/\/se-ret.org\/wp-content\/uploads\/2022\/11\/Poster-1.pdf\">Poster-1<\/a><a href=\"https:\/\/se-ret.org\/wp-content\/uploads\/2022\/11\/Poster-1.pdf\" class=\"wp-block-file__button\" download aria-describedby=\"wp-block-file--media-3cd37952-6666-40e2-ae86-58eeb3e19222\">Descarga<\/a><\/div>\n","protected":false},"excerpt":{"rendered":"<p>Jornada sobre oratoria forense organizada por nuestro socio Jes\u00fas Gonz\u00e1lez Garc\u00eda en la Facultad de Derecho de la UCM (28\/10\/2022).<\/p>\n","protected":false},"author":2,"featured_media":825,"comment_status":"closed","ping_status":"closed","sticky":false,"template":"","format":"standard","meta":[],"categories":[1],"tags":[],"yoast_head":"<!-- This site is optimized with the Yoast SEO plugin v18.6 - https:\/\/yoast.com\/wordpress\/plugins\/seo\/ -->\n<title>Jornada sobre oratoria forense (28\/10\/2022) - SE-RET. Sociedad Espa\u00f1ola de Ret\u00f3rica<\/title>\n<meta name=\"robots\" content=\"index, follow, max-snippet:-1, max-image-preview:large, max-video-preview:-1\" \/>\n<link rel=\"canonical\" href=\"https:\/\/se-ret.org\/index.php\/2022\/11\/09\/jornada-sobre-oratoria-forense-28-10-2022\/\" \/>\n<meta property=\"og:locale\" content=\"es_ES\" \/>\n<meta property=\"og:type\" content=\"article\" \/>\n<meta property=\"og:title\" content=\"Jornada sobre oratoria forense (28\/10\/2022) - SE-RET. Sociedad Espa\u00f1ola de Ret\u00f3rica\" \/>\n<meta property=\"og:description\" content=\"Jornada sobre oratoria forense organizada por nuestro socio Jes\u00fas Gonz\u00e1lez Garc\u00eda en la Facultad de Derecho de la UCM (28\/10\/2022).\" \/>\n<meta property=\"og:url\" content=\"https:\/\/se-ret.org\/index.php\/2022\/11\/09\/jornada-sobre-oratoria-forense-28-10-2022\/\" \/>\n<meta property=\"og:site_name\" content=\"SE-RET. Sociedad Espa\u00f1ola de Ret\u00f3rica\" \/>\n<meta property=\"article:published_time\" content=\"2022-11-09T13:29:27+00:00\" \/>\n<meta property=\"article:modified_time\" content=\"2022-11-09T17:57:08+00:00\" \/>\n<meta property=\"og:image\" content=\"https:\/\/se-ret.org\/wp-content\/uploads\/2022\/11\/a.png\" \/>\n\t<meta property=\"og:image:width\" content=\"510\" \/>\n\t<meta property=\"og:image:height\" content=\"340\" \/>\n\t<meta property=\"og:image:type\" content=\"image\/png\" \/>\n<meta name=\"twitter:card\" content=\"summary_large_image\" \/>\n<meta name=\"twitter:label1\" content=\"Escrito por\" \/>\n\t<meta name=\"twitter:data1\" content=\"Secretar\u00eda SE-Ret\" \/>\n\t<meta name=\"twitter:label2\" content=\"Tiempo de lectura\" \/>\n\t<meta name=\"twitter:data2\" content=\"1 minuto\" \/>\n<script type=\"application\/ld+json\" class=\"yoast-schema-graph\">{\"@context\":\"https:\/\/schema.org\",\"@graph\":[{\"@type\":\"WebSite\",\"@id\":\"https:\/\/se-ret.org\/#website\",\"url\":\"https:\/\/se-ret.org\/\",\"name\":\"SE-RET. Sociedad Espa\u00f1ola de Ret\u00f3rica\",\"description\":\"\",\"potentialAction\":[{\"@type\":\"SearchAction\",\"target\":{\"@type\":\"EntryPoint\",\"urlTemplate\":\"https:\/\/se-ret.org\/?s={search_term_string}\"},\"query-input\":\"required name=search_term_string\"}],\"inLanguage\":\"es\"},{\"@type\":\"ImageObject\",\"@id\":\"https:\/\/se-ret.org\/index.php\/2022\/11\/09\/jornada-sobre-oratoria-forense-28-10-2022\/#primaryimage\",\"inLanguage\":\"es\",\"url\":\"https:\/\/se-ret.org\/wp-content\/uploads\/2022\/11\/a.png\",\"contentUrl\":\"https:\/\/se-ret.org\/wp-content\/uploads\/2022\/11\/a.png\",\"width\":510,\"height\":340},{\"@type\":\"WebPage\",\"@id\":\"https:\/\/se-ret.org\/index.php\/2022\/11\/09\/jornada-sobre-oratoria-forense-28-10-2022\/#webpage\",\"url\":\"https:\/\/se-ret.org\/index.php\/2022\/11\/09\/jornada-sobre-oratoria-forense-28-10-2022\/\",\"name\":\"Jornada sobre oratoria forense (28\/10\/2022) - SE-RET. Sociedad Espa\u00f1ola de Ret\u00f3rica\",\"isPartOf\":{\"@id\":\"https:\/\/se-ret.org\/#website\"},\"primaryImageOfPage\":{\"@id\":\"https:\/\/se-ret.org\/index.php\/2022\/11\/09\/jornada-sobre-oratoria-forense-28-10-2022\/#primaryimage\"},\"datePublished\":\"2022-11-09T13:29:27+00:00\",\"dateModified\":\"2022-11-09T17:57:08+00:00\",\"author\":{\"@id\":\"https:\/\/se-ret.org\/#\/schema\/person\/a75788006f9b0bd21acb5ac502d4c3a3\"},\"breadcrumb\":{\"@id\":\"https:\/\/se-ret.org\/index.php\/2022\/11\/09\/jornada-sobre-oratoria-forense-28-10-2022\/#breadcrumb\"},\"inLanguage\":\"es\",\"potentialAction\":[{\"@type\":\"ReadAction\",\"target\":[\"https:\/\/se-ret.org\/index.php\/2022\/11\/09\/jornada-sobre-oratoria-forense-28-10-2022\/\"]}]},{\"@type\":\"BreadcrumbList\",\"@id\":\"https:\/\/se-ret.org\/index.php\/2022\/11\/09\/jornada-sobre-oratoria-forense-28-10-2022\/#breadcrumb\",\"itemListElement\":[{\"@type\":\"ListItem\",\"position\":1,\"name\":\"Portada\",\"item\":\"https:\/\/se-ret.org\/index.php\/noticias\/\"},{\"@type\":\"ListItem\",\"position\":2,\"name\":\"Jornada sobre oratoria forense (28\/10\/2022)\"}]},{\"@type\":\"Person\",\"@id\":\"https:\/\/se-ret.org\/#\/schema\/person\/a75788006f9b0bd21acb5ac502d4c3a3\",\"name\":\"Secretar\u00eda SE-Ret\",\"url\":\"https:\/\/se-ret.org\/index.php\/author\/dahdelafuente\/\"}]}<\/script>\n<!-- \/ Yoast SEO plugin. -->","yoast_head_json":{"title":"Jornada sobre oratoria forense (28\/10\/2022) - SE-RET. Sociedad Espa\u00f1ola de Ret\u00f3rica","robots":{"index":"index","follow":"follow","max-snippet":"max-snippet:-1","max-image-preview":"max-image-preview:large","max-video-preview":"max-video-preview:-1"},"canonical":"https:\/\/se-ret.org\/index.php\/2022\/11\/09\/jornada-sobre-oratoria-forense-28-10-2022\/","og_locale":"es_ES","og_type":"article","og_title":"Jornada sobre oratoria forense (28\/10\/2022) - SE-RET. Sociedad Espa\u00f1ola de Ret\u00f3rica","og_description":"Jornada sobre oratoria forense organizada por nuestro socio Jes\u00fas Gonz\u00e1lez Garc\u00eda en la Facultad de Derecho de la UCM (28\/10\/2022).","og_url":"https:\/\/se-ret.org\/index.php\/2022\/11\/09\/jornada-sobre-oratoria-forense-28-10-2022\/","og_site_name":"SE-RET. Sociedad Espa\u00f1ola de Ret\u00f3rica","article_published_time":"2022-11-09T13:29:27+00:00","article_modified_time":"2022-11-09T17:57:08+00:00","og_image":[{"width":510,"height":340,"url":"https:\/\/se-ret.org\/wp-content\/uploads\/2022\/11\/a.png","type":"image\/png"}],"twitter_card":"summary_large_image","twitter_misc":{"Escrito por":"Secretar\u00eda SE-Ret","Tiempo de lectura":"1 minuto"},"schema":{"@context":"https:\/\/schema.org","@graph":[{"@type":"WebSite","@id":"https:\/\/se-ret.org\/#website","url":"https:\/\/se-ret.org\/","name":"SE-RET. Sociedad Espa\u00f1ola de Ret\u00f3rica","description":"","potentialAction":[{"@type":"SearchAction","target":{"@type":"EntryPoint","urlTemplate":"https:\/\/se-ret.org\/?s={search_term_string}"},"query-input":"required name=search_term_string"}],"inLanguage":"es"},{"@type":"ImageObject","@id":"https:\/\/se-ret.org\/index.php\/2022\/11\/09\/jornada-sobre-oratoria-forense-28-10-2022\/#primaryimage","inLanguage":"es","url":"https:\/\/se-ret.org\/wp-content\/uploads\/2022\/11\/a.png","contentUrl":"https:\/\/se-ret.org\/wp-content\/uploads\/2022\/11\/a.png","width":510,"height":340},{"@type":"WebPage","@id":"https:\/\/se-ret.org\/index.php\/2022\/11\/09\/jornada-sobre-oratoria-forense-28-10-2022\/#webpage","url":"https:\/\/se-ret.org\/index.php\/2022\/11\/09\/jornada-sobre-oratoria-forense-28-10-2022\/","name":"Jornada sobre oratoria forense (28\/10\/2022) - SE-RET. Sociedad Espa\u00f1ola de Ret\u00f3rica","isPartOf":{"@id":"https:\/\/se-ret.org\/#website"},"primaryImageOfPage":{"@id":"https:\/\/se-ret.org\/index.php\/2022\/11\/09\/jornada-sobre-oratoria-forense-28-10-2022\/#primaryimage"},"datePublished":"2022-11-09T13:29:27+00:00","dateModified":"2022-11-09T17:57:08+00:00","author":{"@id":"https:\/\/se-ret.org\/#\/schema\/person\/a75788006f9b0bd21acb5ac502d4c3a3"},"breadcrumb":{"@id":"https:\/\/se-ret.org\/index.php\/2022\/11\/09\/jornada-sobre-oratoria-forense-28-10-2022\/#breadcrumb"},"inLanguage":"es","potentialAction":[{"@type":"ReadAction","target":["https:\/\/se-ret.org\/index.php\/2022\/11\/09\/jornada-sobre-oratoria-forense-28-10-2022\/"]}]},{"@type":"BreadcrumbList","@id":"https:\/\/se-ret.org\/index.php\/2022\/11\/09\/jornada-sobre-oratoria-forense-28-10-2022\/#breadcrumb","itemListElement":[{"@type":"ListItem","position":1,"name":"Portada","item":"https:\/\/se-ret.org\/index.php\/noticias\/"},{"@type":"ListItem","position":2,"name":"Jornada sobre oratoria forense (28\/10\/2022)"}]},{"@type":"Person","@id":"https:\/\/se-ret.org\/#\/schema\/person\/a75788006f9b0bd21acb5ac502d4c3a3","name":"Secretar\u00eda SE-Ret","url":"https:\/\/se-ret.org\/index.php\/author\/dahdelafuente\/"}]}},"_links":{"self":[{"href":"https:\/\/se-ret.org\/index.php\/wp-json\/wp\/v2\/posts\/820"}],"collection":[{"href":"https:\/\/se-ret.org\/index.php\/wp-json\/wp\/v2\/posts"}],"about":[{"href":"https:\/\/se-ret.org\/index.php\/wp-json\/wp\/v2\/types\/post"}],"author":[{"embeddable":true,"href":"https:\/\/se-ret.org\/index.php\/wp-json\/wp\/v2\/users\/2"}],"replies":[{"embeddable":true,"href":"https:\/\/se-ret.org\/index.php\/wp-json\/wp\/v2\/comments?post=820"}],"version-history":[{"count":4,"href":"https:\/\/se-ret.org\/index.php\/wp-json\/wp\/v2\/posts\/820\/revisions"}],"predecessor-version":[{"id":834,"href":"https:\/\/se-ret.org\/index.php\/wp-json\/wp\/v2\/posts\/820\/revisions\/834"}],"wp:featuredmedia":[{"embeddable":true,"href":"https:\/\/se-ret.org\/index.php\/wp-json\/wp\/v2\/media\/825"}],"wp:attachment":[{"href":"https:\/\/se-ret.org\/index.php\/wp-json\/wp\/v2\/media?parent=820"}],"wp:term":[{"taxonomy":"category","embeddable":true,"href":"https:\/\/se-ret.org\/index.php\/wp-json\/wp\/v2\/categories?post=820"},{"taxonomy":"post_tag","embeddable":true,"href":"https:\/\/se-ret.org\/index.php\/wp-json\/wp\/v2\/tags?post=820"}],"curies":[{"name":"wp","href":"https:\/\/api.w.org\/{rel}","templated":true}]}}