{"id":804,"date":"2022-11-07T11:06:16","date_gmt":"2022-11-07T10:06:16","guid":{"rendered":"https:\/\/se-ret.org\/?p=804"},"modified":"2022-11-09T18:58:10","modified_gmt":"2022-11-09T17:58:10","slug":"orator-taller-practico-de-oratoria-clasica","status":"publish","type":"post","link":"https:\/\/se-ret.org\/index.php\/2022\/11\/07\/orator-taller-practico-de-oratoria-clasica\/","title":{"rendered":"Orator: taller pr\u00e1ctico de oratoria cl\u00e1sica (16\/11\/2022)"},"content":{"rendered":"\n<p>Taller sobre oratoria cl\u00e1sica organizado en el marco de la Semana de la Ciencia de la Comunidad de Madrid en la Facultad de Filolog\u00eda de la UCM (16\/11\/2022).<\/p>\n\n\n<figure class=\"wp-block-post-featured-image\"><img width=\"1587\" height=\"2245\" src=\"https:\/\/se-ret.org\/wp-content\/uploads\/2022\/11\/POSTER-ORATORIA-SEMANA-DE-LA-CIENCIA-1.png\" class=\"wp-image-805 avia-img-lazy-loading-805 attachment-post-thumbnail size-post-thumbnail wp-post-image\" alt=\"\" loading=\"lazy\" srcset=\"https:\/\/se-ret.org\/wp-content\/uploads\/2022\/11\/POSTER-ORATORIA-SEMANA-DE-LA-CIENCIA-1.png 1587w, https:\/\/se-ret.org\/wp-content\/uploads\/2022\/11\/POSTER-ORATORIA-SEMANA-DE-LA-CIENCIA-1-212x300.png 212w, https:\/\/se-ret.org\/wp-content\/uploads\/2022\/11\/POSTER-ORATORIA-SEMANA-DE-LA-CIENCIA-1-728x1030.png 728w, https:\/\/se-ret.org\/wp-content\/uploads\/2022\/11\/POSTER-ORATORIA-SEMANA-DE-LA-CIENCIA-1-57x80.png 57w, https:\/\/se-ret.org\/wp-content\/uploads\/2022\/11\/POSTER-ORATORIA-SEMANA-DE-LA-CIENCIA-1-768x1086.png 768w, https:\/\/se-ret.org\/wp-content\/uploads\/2022\/11\/POSTER-ORATORIA-SEMANA-DE-LA-CIENCIA-1-1086x1536.png 1086w, https:\/\/se-ret.org\/wp-content\/uploads\/2022\/11\/POSTER-ORATORIA-SEMANA-DE-LA-CIENCIA-1-1448x2048.png 1448w, https:\/\/se-ret.org\/wp-content\/uploads\/2022\/11\/POSTER-ORATORIA-SEMANA-DE-LA-CIENCIA-1-1060x1500.png 1060w, https:\/\/se-ret.org\/wp-content\/uploads\/2022\/11\/POSTER-ORATORIA-SEMANA-DE-LA-CIENCIA-1-498x705.png 498w\" sizes=\"(max-width: 1587px) 100vw, 1587px\" \/><\/figure>","protected":false},"excerpt":{"rendered":"<p>Taller sobre oratoria cl\u00e1sica organizado en el marco de la Semana de la Ciencia de la Comunidad de Madrid en la Facultad de Filolog\u00eda de la UCM (16\/11\/2022).<\/p>\n","protected":false},"author":2,"featured_media":805,"comment_status":"closed","ping_status":"closed","sticky":false,"template":"","format":"standard","meta":[],"categories":[1],"tags":[],"yoast_head":"<!-- This site is optimized with the Yoast SEO plugin v18.6 - https:\/\/yoast.com\/wordpress\/plugins\/seo\/ -->\n<title>Orator: taller pr\u00e1ctico de oratoria cl\u00e1sica (16\/11\/2022) - SE-RET. Sociedad Espa\u00f1ola de Ret\u00f3rica<\/title>\n<meta name=\"robots\" content=\"index, follow, max-snippet:-1, max-image-preview:large, max-video-preview:-1\" \/>\n<link rel=\"canonical\" href=\"https:\/\/se-ret.org\/index.php\/2022\/11\/07\/orator-taller-practico-de-oratoria-clasica\/\" \/>\n<meta property=\"og:locale\" content=\"es_ES\" \/>\n<meta property=\"og:type\" content=\"article\" \/>\n<meta property=\"og:title\" content=\"Orator: taller pr\u00e1ctico de oratoria cl\u00e1sica (16\/11\/2022) - SE-RET. Sociedad Espa\u00f1ola de Ret\u00f3rica\" \/>\n<meta property=\"og:description\" content=\"Taller sobre oratoria cl\u00e1sica organizado en el marco de la Semana de la Ciencia de la Comunidad de Madrid en la Facultad de Filolog\u00eda de la UCM (16\/11\/2022).\" \/>\n<meta property=\"og:url\" content=\"https:\/\/se-ret.org\/index.php\/2022\/11\/07\/orator-taller-practico-de-oratoria-clasica\/\" \/>\n<meta property=\"og:site_name\" content=\"SE-RET. Sociedad Espa\u00f1ola de Ret\u00f3rica\" \/>\n<meta property=\"article:published_time\" content=\"2022-11-07T10:06:16+00:00\" \/>\n<meta property=\"article:modified_time\" content=\"2022-11-09T17:58:10+00:00\" \/>\n<meta property=\"og:image\" content=\"https:\/\/se-ret.org\/wp-content\/uploads\/2022\/11\/POSTER-ORATORIA-SEMANA-DE-LA-CIENCIA-1-728x1030.png\" \/>\n\t<meta property=\"og:image:width\" content=\"728\" \/>\n\t<meta property=\"og:image:height\" content=\"1030\" \/>\n\t<meta property=\"og:image:type\" content=\"image\/png\" \/>\n<meta name=\"twitter:card\" content=\"summary_large_image\" \/>\n<meta name=\"twitter:label1\" content=\"Escrito por\" \/>\n\t<meta name=\"twitter:data1\" content=\"Secretar\u00eda SE-Ret\" \/>\n\t<meta name=\"twitter:label2\" content=\"Tiempo de lectura\" \/>\n\t<meta name=\"twitter:data2\" content=\"1 minuto\" \/>\n<script type=\"application\/ld+json\" class=\"yoast-schema-graph\">{\"@context\":\"https:\/\/schema.org\",\"@graph\":[{\"@type\":\"WebSite\",\"@id\":\"https:\/\/se-ret.org\/#website\",\"url\":\"https:\/\/se-ret.org\/\",\"name\":\"SE-RET. Sociedad Espa\u00f1ola de Ret\u00f3rica\",\"description\":\"\",\"potentialAction\":[{\"@type\":\"SearchAction\",\"target\":{\"@type\":\"EntryPoint\",\"urlTemplate\":\"https:\/\/se-ret.org\/?s={search_term_string}\"},\"query-input\":\"required name=search_term_string\"}],\"inLanguage\":\"es\"},{\"@type\":\"ImageObject\",\"@id\":\"https:\/\/se-ret.org\/index.php\/2022\/11\/07\/orator-taller-practico-de-oratoria-clasica\/#primaryimage\",\"inLanguage\":\"es\",\"url\":\"https:\/\/se-ret.org\/wp-content\/uploads\/2022\/11\/POSTER-ORATORIA-SEMANA-DE-LA-CIENCIA-1.png\",\"contentUrl\":\"https:\/\/se-ret.org\/wp-content\/uploads\/2022\/11\/POSTER-ORATORIA-SEMANA-DE-LA-CIENCIA-1.png\",\"width\":1587,\"height\":2245},{\"@type\":\"WebPage\",\"@id\":\"https:\/\/se-ret.org\/index.php\/2022\/11\/07\/orator-taller-practico-de-oratoria-clasica\/#webpage\",\"url\":\"https:\/\/se-ret.org\/index.php\/2022\/11\/07\/orator-taller-practico-de-oratoria-clasica\/\",\"name\":\"Orator: taller pr\u00e1ctico de oratoria cl\u00e1sica (16\/11\/2022) - SE-RET. Sociedad Espa\u00f1ola de Ret\u00f3rica\",\"isPartOf\":{\"@id\":\"https:\/\/se-ret.org\/#website\"},\"primaryImageOfPage\":{\"@id\":\"https:\/\/se-ret.org\/index.php\/2022\/11\/07\/orator-taller-practico-de-oratoria-clasica\/#primaryimage\"},\"datePublished\":\"2022-11-07T10:06:16+00:00\",\"dateModified\":\"2022-11-09T17:58:10+00:00\",\"author\":{\"@id\":\"https:\/\/se-ret.org\/#\/schema\/person\/a75788006f9b0bd21acb5ac502d4c3a3\"},\"breadcrumb\":{\"@id\":\"https:\/\/se-ret.org\/index.php\/2022\/11\/07\/orator-taller-practico-de-oratoria-clasica\/#breadcrumb\"},\"inLanguage\":\"es\",\"potentialAction\":[{\"@type\":\"ReadAction\",\"target\":[\"https:\/\/se-ret.org\/index.php\/2022\/11\/07\/orator-taller-practico-de-oratoria-clasica\/\"]}]},{\"@type\":\"BreadcrumbList\",\"@id\":\"https:\/\/se-ret.org\/index.php\/2022\/11\/07\/orator-taller-practico-de-oratoria-clasica\/#breadcrumb\",\"itemListElement\":[{\"@type\":\"ListItem\",\"position\":1,\"name\":\"Portada\",\"item\":\"https:\/\/se-ret.org\/index.php\/noticias\/\"},{\"@type\":\"ListItem\",\"position\":2,\"name\":\"Orator: taller pr\u00e1ctico de oratoria cl\u00e1sica (16\/11\/2022)\"}]},{\"@type\":\"Person\",\"@id\":\"https:\/\/se-ret.org\/#\/schema\/person\/a75788006f9b0bd21acb5ac502d4c3a3\",\"name\":\"Secretar\u00eda SE-Ret\",\"url\":\"https:\/\/se-ret.org\/index.php\/author\/dahdelafuente\/\"}]}<\/script>\n<!-- \/ Yoast SEO plugin. -->","yoast_head_json":{"title":"Orator: taller pr\u00e1ctico de oratoria cl\u00e1sica (16\/11\/2022) - SE-RET. Sociedad Espa\u00f1ola de Ret\u00f3rica","robots":{"index":"index","follow":"follow","max-snippet":"max-snippet:-1","max-image-preview":"max-image-preview:large","max-video-preview":"max-video-preview:-1"},"canonical":"https:\/\/se-ret.org\/index.php\/2022\/11\/07\/orator-taller-practico-de-oratoria-clasica\/","og_locale":"es_ES","og_type":"article","og_title":"Orator: taller pr\u00e1ctico de oratoria cl\u00e1sica (16\/11\/2022) - SE-RET. Sociedad Espa\u00f1ola de Ret\u00f3rica","og_description":"Taller sobre oratoria cl\u00e1sica organizado en el marco de la Semana de la Ciencia de la Comunidad de Madrid en la Facultad de Filolog\u00eda de la UCM (16\/11\/2022).","og_url":"https:\/\/se-ret.org\/index.php\/2022\/11\/07\/orator-taller-practico-de-oratoria-clasica\/","og_site_name":"SE-RET. Sociedad Espa\u00f1ola de Ret\u00f3rica","article_published_time":"2022-11-07T10:06:16+00:00","article_modified_time":"2022-11-09T17:58:10+00:00","og_image":[{"width":728,"height":1030,"url":"https:\/\/se-ret.org\/wp-content\/uploads\/2022\/11\/POSTER-ORATORIA-SEMANA-DE-LA-CIENCIA-1-728x1030.png","type":"image\/png"}],"twitter_card":"summary_large_image","twitter_misc":{"Escrito por":"Secretar\u00eda SE-Ret","Tiempo de lectura":"1 minuto"},"schema":{"@context":"https:\/\/schema.org","@graph":[{"@type":"WebSite","@id":"https:\/\/se-ret.org\/#website","url":"https:\/\/se-ret.org\/","name":"SE-RET. Sociedad Espa\u00f1ola de Ret\u00f3rica","description":"","potentialAction":[{"@type":"SearchAction","target":{"@type":"EntryPoint","urlTemplate":"https:\/\/se-ret.org\/?s={search_term_string}"},"query-input":"required name=search_term_string"}],"inLanguage":"es"},{"@type":"ImageObject","@id":"https:\/\/se-ret.org\/index.php\/2022\/11\/07\/orator-taller-practico-de-oratoria-clasica\/#primaryimage","inLanguage":"es","url":"https:\/\/se-ret.org\/wp-content\/uploads\/2022\/11\/POSTER-ORATORIA-SEMANA-DE-LA-CIENCIA-1.png","contentUrl":"https:\/\/se-ret.org\/wp-content\/uploads\/2022\/11\/POSTER-ORATORIA-SEMANA-DE-LA-CIENCIA-1.png","width":1587,"height":2245},{"@type":"WebPage","@id":"https:\/\/se-ret.org\/index.php\/2022\/11\/07\/orator-taller-practico-de-oratoria-clasica\/#webpage","url":"https:\/\/se-ret.org\/index.php\/2022\/11\/07\/orator-taller-practico-de-oratoria-clasica\/","name":"Orator: taller pr\u00e1ctico de oratoria cl\u00e1sica (16\/11\/2022) - SE-RET. Sociedad Espa\u00f1ola de Ret\u00f3rica","isPartOf":{"@id":"https:\/\/se-ret.org\/#website"},"primaryImageOfPage":{"@id":"https:\/\/se-ret.org\/index.php\/2022\/11\/07\/orator-taller-practico-de-oratoria-clasica\/#primaryimage"},"datePublished":"2022-11-07T10:06:16+00:00","dateModified":"2022-11-09T17:58:10+00:00","author":{"@id":"https:\/\/se-ret.org\/#\/schema\/person\/a75788006f9b0bd21acb5ac502d4c3a3"},"breadcrumb":{"@id":"https:\/\/se-ret.org\/index.php\/2022\/11\/07\/orator-taller-practico-de-oratoria-clasica\/#breadcrumb"},"inLanguage":"es","potentialAction":[{"@type":"ReadAction","target":["https:\/\/se-ret.org\/index.php\/2022\/11\/07\/orator-taller-practico-de-oratoria-clasica\/"]}]},{"@type":"BreadcrumbList","@id":"https:\/\/se-ret.org\/index.php\/2022\/11\/07\/orator-taller-practico-de-oratoria-clasica\/#breadcrumb","itemListElement":[{"@type":"ListItem","position":1,"name":"Portada","item":"https:\/\/se-ret.org\/index.php\/noticias\/"},{"@type":"ListItem","position":2,"name":"Orator: taller pr\u00e1ctico de oratoria cl\u00e1sica (16\/11\/2022)"}]},{"@type":"Person","@id":"https:\/\/se-ret.org\/#\/schema\/person\/a75788006f9b0bd21acb5ac502d4c3a3","name":"Secretar\u00eda SE-Ret","url":"https:\/\/se-ret.org\/index.php\/author\/dahdelafuente\/"}]}},"_links":{"self":[{"href":"https:\/\/se-ret.org\/index.php\/wp-json\/wp\/v2\/posts\/804"}],"collection":[{"href":"https:\/\/se-ret.org\/index.php\/wp-json\/wp\/v2\/posts"}],"about":[{"href":"https:\/\/se-ret.org\/index.php\/wp-json\/wp\/v2\/types\/post"}],"author":[{"embeddable":true,"href":"https:\/\/se-ret.org\/index.php\/wp-json\/wp\/v2\/users\/2"}],"replies":[{"embeddable":true,"href":"https:\/\/se-ret.org\/index.php\/wp-json\/wp\/v2\/comments?post=804"}],"version-history":[{"count":4,"href":"https:\/\/se-ret.org\/index.php\/wp-json\/wp\/v2\/posts\/804\/revisions"}],"predecessor-version":[{"id":835,"href":"https:\/\/se-ret.org\/index.php\/wp-json\/wp\/v2\/posts\/804\/revisions\/835"}],"wp:featuredmedia":[{"embeddable":true,"href":"https:\/\/se-ret.org\/index.php\/wp-json\/wp\/v2\/media\/805"}],"wp:attachment":[{"href":"https:\/\/se-ret.org\/index.php\/wp-json\/wp\/v2\/media?parent=804"}],"wp:term":[{"taxonomy":"category","embeddable":true,"href":"https:\/\/se-ret.org\/index.php\/wp-json\/wp\/v2\/categories?post=804"},{"taxonomy":"post_tag","embeddable":true,"href":"https:\/\/se-ret.org\/index.php\/wp-json\/wp\/v2\/tags?post=804"}],"curies":[{"name":"wp","href":"https:\/\/api.w.org\/{rel}","templated":true}]}}