{"id":786,"date":"2022-10-27T22:44:30","date_gmt":"2022-10-27T20:44:30","guid":{"rendered":"https:\/\/se-ret.org\/?p=786"},"modified":"2022-11-07T11:07:46","modified_gmt":"2022-11-07T10:07:46","slug":"jornadas-sobre-sesgos-argumentacion-y-decision-judicial","status":"publish","type":"post","link":"https:\/\/se-ret.org\/index.php\/2022\/10\/27\/jornadas-sobre-sesgos-argumentacion-y-decision-judicial\/","title":{"rendered":"Jornadas sobre sesgos, argumentaci\u00f3n y decisi\u00f3n judicial (10\/11\/2022)"},"content":{"rendered":"\n<p>La SE-Ret informa sobre la pr\u00f3xima celebraci\u00f3n de este seminario en la Universidad de Vigo sobre argumentaci\u00f3n en el \u00e1mbito del derecho. <\/p>\n\n\n\n<figure class=\"wp-block-image size-large\"><img loading=\"lazy\" width=\"728\" height=\"1030\" src=\"https:\/\/se-ret.org\/wp-content\/uploads\/2022\/10\/311688496_10225509913953309_5470486489333629739_n-2-728x1030.jpg\" alt=\"\" class=\"wp-image-794\" srcset=\"https:\/\/se-ret.org\/wp-content\/uploads\/2022\/10\/311688496_10225509913953309_5470486489333629739_n-2-728x1030.jpg 728w, https:\/\/se-ret.org\/wp-content\/uploads\/2022\/10\/311688496_10225509913953309_5470486489333629739_n-2-212x300.jpg 212w, https:\/\/se-ret.org\/wp-content\/uploads\/2022\/10\/311688496_10225509913953309_5470486489333629739_n-2-57x80.jpg 57w, https:\/\/se-ret.org\/wp-content\/uploads\/2022\/10\/311688496_10225509913953309_5470486489333629739_n-2-768x1087.jpg 768w, https:\/\/se-ret.org\/wp-content\/uploads\/2022\/10\/311688496_10225509913953309_5470486489333629739_n-2-1085x1536.jpg 1085w, https:\/\/se-ret.org\/wp-content\/uploads\/2022\/10\/311688496_10225509913953309_5470486489333629739_n-2-1060x1500.jpg 1060w, https:\/\/se-ret.org\/wp-content\/uploads\/2022\/10\/311688496_10225509913953309_5470486489333629739_n-2-498x705.jpg 498w, https:\/\/se-ret.org\/wp-content\/uploads\/2022\/10\/311688496_10225509913953309_5470486489333629739_n-2.jpg 1190w\" sizes=\"(max-width: 728px) 100vw, 728px\" \/><\/figure>\n","protected":false},"excerpt":{"rendered":"<p>La SE-Ret informa sobre la pr\u00f3xima celebraci\u00f3n de este seminario en la Universidad de Vigo sobre argumentaci\u00f3n en el \u00e1mbito del derecho.<\/p>\n","protected":false},"author":2,"featured_media":787,"comment_status":"closed","ping_status":"closed","sticky":false,"template":"","format":"standard","meta":[],"categories":[1],"tags":[],"yoast_head":"<!-- This site is optimized with the Yoast SEO plugin v18.6 - https:\/\/yoast.com\/wordpress\/plugins\/seo\/ -->\n<title>Jornadas sobre sesgos, argumentaci\u00f3n y decisi\u00f3n judicial (10\/11\/2022) - SE-RET. Sociedad Espa\u00f1ola de Ret\u00f3rica<\/title>\n<meta name=\"robots\" content=\"index, follow, max-snippet:-1, max-image-preview:large, max-video-preview:-1\" \/>\n<link rel=\"canonical\" href=\"https:\/\/se-ret.org\/index.php\/2022\/10\/27\/jornadas-sobre-sesgos-argumentacion-y-decision-judicial\/\" \/>\n<meta property=\"og:locale\" content=\"es_ES\" \/>\n<meta property=\"og:type\" content=\"article\" \/>\n<meta property=\"og:title\" content=\"Jornadas sobre sesgos, argumentaci\u00f3n y decisi\u00f3n judicial (10\/11\/2022) - SE-RET. Sociedad Espa\u00f1ola de Ret\u00f3rica\" \/>\n<meta property=\"og:description\" content=\"La SE-Ret informa sobre la pr\u00f3xima celebraci\u00f3n de este seminario en la Universidad de Vigo sobre argumentaci\u00f3n en el \u00e1mbito del derecho.\" \/>\n<meta property=\"og:url\" content=\"https:\/\/se-ret.org\/index.php\/2022\/10\/27\/jornadas-sobre-sesgos-argumentacion-y-decision-judicial\/\" \/>\n<meta property=\"og:site_name\" content=\"SE-RET. Sociedad Espa\u00f1ola de Ret\u00f3rica\" \/>\n<meta property=\"article:published_time\" content=\"2022-10-27T20:44:30+00:00\" \/>\n<meta property=\"article:modified_time\" content=\"2022-11-07T10:07:46+00:00\" \/>\n<meta property=\"og:image\" content=\"https:\/\/se-ret.org\/wp-content\/uploads\/2022\/10\/311688496_10225509913953309_5470486489333629739_n.jpg\" \/>\n\t<meta property=\"og:image:width\" content=\"1190\" \/>\n\t<meta property=\"og:image:height\" content=\"1684\" \/>\n\t<meta property=\"og:image:type\" content=\"image\/jpeg\" \/>\n<meta name=\"twitter:card\" content=\"summary_large_image\" \/>\n<meta name=\"twitter:label1\" content=\"Escrito por\" \/>\n\t<meta name=\"twitter:data1\" content=\"Secretar\u00eda SE-Ret\" \/>\n\t<meta name=\"twitter:label2\" content=\"Tiempo de lectura\" \/>\n\t<meta name=\"twitter:data2\" content=\"1 minuto\" \/>\n<script type=\"application\/ld+json\" class=\"yoast-schema-graph\">{\"@context\":\"https:\/\/schema.org\",\"@graph\":[{\"@type\":\"WebSite\",\"@id\":\"https:\/\/se-ret.org\/#website\",\"url\":\"https:\/\/se-ret.org\/\",\"name\":\"SE-RET. Sociedad Espa\u00f1ola de Ret\u00f3rica\",\"description\":\"\",\"potentialAction\":[{\"@type\":\"SearchAction\",\"target\":{\"@type\":\"EntryPoint\",\"urlTemplate\":\"https:\/\/se-ret.org\/?s={search_term_string}\"},\"query-input\":\"required name=search_term_string\"}],\"inLanguage\":\"es\"},{\"@type\":\"ImageObject\",\"@id\":\"https:\/\/se-ret.org\/index.php\/2022\/10\/27\/jornadas-sobre-sesgos-argumentacion-y-decision-judicial\/#primaryimage\",\"inLanguage\":\"es\",\"url\":\"https:\/\/se-ret.org\/wp-content\/uploads\/2022\/10\/311688496_10225509913953309_5470486489333629739_n.jpg\",\"contentUrl\":\"https:\/\/se-ret.org\/wp-content\/uploads\/2022\/10\/311688496_10225509913953309_5470486489333629739_n.jpg\",\"width\":1190,\"height\":1684},{\"@type\":\"WebPage\",\"@id\":\"https:\/\/se-ret.org\/index.php\/2022\/10\/27\/jornadas-sobre-sesgos-argumentacion-y-decision-judicial\/#webpage\",\"url\":\"https:\/\/se-ret.org\/index.php\/2022\/10\/27\/jornadas-sobre-sesgos-argumentacion-y-decision-judicial\/\",\"name\":\"Jornadas sobre sesgos, argumentaci\u00f3n y decisi\u00f3n judicial (10\/11\/2022) - SE-RET. Sociedad Espa\u00f1ola de Ret\u00f3rica\",\"isPartOf\":{\"@id\":\"https:\/\/se-ret.org\/#website\"},\"primaryImageOfPage\":{\"@id\":\"https:\/\/se-ret.org\/index.php\/2022\/10\/27\/jornadas-sobre-sesgos-argumentacion-y-decision-judicial\/#primaryimage\"},\"datePublished\":\"2022-10-27T20:44:30+00:00\",\"dateModified\":\"2022-11-07T10:07:46+00:00\",\"author\":{\"@id\":\"https:\/\/se-ret.org\/#\/schema\/person\/a75788006f9b0bd21acb5ac502d4c3a3\"},\"breadcrumb\":{\"@id\":\"https:\/\/se-ret.org\/index.php\/2022\/10\/27\/jornadas-sobre-sesgos-argumentacion-y-decision-judicial\/#breadcrumb\"},\"inLanguage\":\"es\",\"potentialAction\":[{\"@type\":\"ReadAction\",\"target\":[\"https:\/\/se-ret.org\/index.php\/2022\/10\/27\/jornadas-sobre-sesgos-argumentacion-y-decision-judicial\/\"]}]},{\"@type\":\"BreadcrumbList\",\"@id\":\"https:\/\/se-ret.org\/index.php\/2022\/10\/27\/jornadas-sobre-sesgos-argumentacion-y-decision-judicial\/#breadcrumb\",\"itemListElement\":[{\"@type\":\"ListItem\",\"position\":1,\"name\":\"Portada\",\"item\":\"https:\/\/se-ret.org\/index.php\/noticias\/\"},{\"@type\":\"ListItem\",\"position\":2,\"name\":\"Jornadas sobre sesgos, argumentaci\u00f3n y decisi\u00f3n judicial (10\/11\/2022)\"}]},{\"@type\":\"Person\",\"@id\":\"https:\/\/se-ret.org\/#\/schema\/person\/a75788006f9b0bd21acb5ac502d4c3a3\",\"name\":\"Secretar\u00eda SE-Ret\",\"url\":\"https:\/\/se-ret.org\/index.php\/author\/dahdelafuente\/\"}]}<\/script>\n<!-- \/ Yoast SEO plugin. -->","yoast_head_json":{"title":"Jornadas sobre sesgos, argumentaci\u00f3n y decisi\u00f3n judicial (10\/11\/2022) - SE-RET. Sociedad Espa\u00f1ola de Ret\u00f3rica","robots":{"index":"index","follow":"follow","max-snippet":"max-snippet:-1","max-image-preview":"max-image-preview:large","max-video-preview":"max-video-preview:-1"},"canonical":"https:\/\/se-ret.org\/index.php\/2022\/10\/27\/jornadas-sobre-sesgos-argumentacion-y-decision-judicial\/","og_locale":"es_ES","og_type":"article","og_title":"Jornadas sobre sesgos, argumentaci\u00f3n y decisi\u00f3n judicial (10\/11\/2022) - SE-RET. Sociedad Espa\u00f1ola de Ret\u00f3rica","og_description":"La SE-Ret informa sobre la pr\u00f3xima celebraci\u00f3n de este seminario en la Universidad de Vigo sobre argumentaci\u00f3n en el \u00e1mbito del derecho.","og_url":"https:\/\/se-ret.org\/index.php\/2022\/10\/27\/jornadas-sobre-sesgos-argumentacion-y-decision-judicial\/","og_site_name":"SE-RET. Sociedad Espa\u00f1ola de Ret\u00f3rica","article_published_time":"2022-10-27T20:44:30+00:00","article_modified_time":"2022-11-07T10:07:46+00:00","og_image":[{"width":1190,"height":1684,"url":"https:\/\/se-ret.org\/wp-content\/uploads\/2022\/10\/311688496_10225509913953309_5470486489333629739_n.jpg","type":"image\/jpeg"}],"twitter_card":"summary_large_image","twitter_misc":{"Escrito por":"Secretar\u00eda SE-Ret","Tiempo de lectura":"1 minuto"},"schema":{"@context":"https:\/\/schema.org","@graph":[{"@type":"WebSite","@id":"https:\/\/se-ret.org\/#website","url":"https:\/\/se-ret.org\/","name":"SE-RET. Sociedad Espa\u00f1ola de Ret\u00f3rica","description":"","potentialAction":[{"@type":"SearchAction","target":{"@type":"EntryPoint","urlTemplate":"https:\/\/se-ret.org\/?s={search_term_string}"},"query-input":"required name=search_term_string"}],"inLanguage":"es"},{"@type":"ImageObject","@id":"https:\/\/se-ret.org\/index.php\/2022\/10\/27\/jornadas-sobre-sesgos-argumentacion-y-decision-judicial\/#primaryimage","inLanguage":"es","url":"https:\/\/se-ret.org\/wp-content\/uploads\/2022\/10\/311688496_10225509913953309_5470486489333629739_n.jpg","contentUrl":"https:\/\/se-ret.org\/wp-content\/uploads\/2022\/10\/311688496_10225509913953309_5470486489333629739_n.jpg","width":1190,"height":1684},{"@type":"WebPage","@id":"https:\/\/se-ret.org\/index.php\/2022\/10\/27\/jornadas-sobre-sesgos-argumentacion-y-decision-judicial\/#webpage","url":"https:\/\/se-ret.org\/index.php\/2022\/10\/27\/jornadas-sobre-sesgos-argumentacion-y-decision-judicial\/","name":"Jornadas sobre sesgos, argumentaci\u00f3n y decisi\u00f3n judicial (10\/11\/2022) - SE-RET. Sociedad Espa\u00f1ola de Ret\u00f3rica","isPartOf":{"@id":"https:\/\/se-ret.org\/#website"},"primaryImageOfPage":{"@id":"https:\/\/se-ret.org\/index.php\/2022\/10\/27\/jornadas-sobre-sesgos-argumentacion-y-decision-judicial\/#primaryimage"},"datePublished":"2022-10-27T20:44:30+00:00","dateModified":"2022-11-07T10:07:46+00:00","author":{"@id":"https:\/\/se-ret.org\/#\/schema\/person\/a75788006f9b0bd21acb5ac502d4c3a3"},"breadcrumb":{"@id":"https:\/\/se-ret.org\/index.php\/2022\/10\/27\/jornadas-sobre-sesgos-argumentacion-y-decision-judicial\/#breadcrumb"},"inLanguage":"es","potentialAction":[{"@type":"ReadAction","target":["https:\/\/se-ret.org\/index.php\/2022\/10\/27\/jornadas-sobre-sesgos-argumentacion-y-decision-judicial\/"]}]},{"@type":"BreadcrumbList","@id":"https:\/\/se-ret.org\/index.php\/2022\/10\/27\/jornadas-sobre-sesgos-argumentacion-y-decision-judicial\/#breadcrumb","itemListElement":[{"@type":"ListItem","position":1,"name":"Portada","item":"https:\/\/se-ret.org\/index.php\/noticias\/"},{"@type":"ListItem","position":2,"name":"Jornadas sobre sesgos, argumentaci\u00f3n y decisi\u00f3n judicial (10\/11\/2022)"}]},{"@type":"Person","@id":"https:\/\/se-ret.org\/#\/schema\/person\/a75788006f9b0bd21acb5ac502d4c3a3","name":"Secretar\u00eda SE-Ret","url":"https:\/\/se-ret.org\/index.php\/author\/dahdelafuente\/"}]}},"_links":{"self":[{"href":"https:\/\/se-ret.org\/index.php\/wp-json\/wp\/v2\/posts\/786"}],"collection":[{"href":"https:\/\/se-ret.org\/index.php\/wp-json\/wp\/v2\/posts"}],"about":[{"href":"https:\/\/se-ret.org\/index.php\/wp-json\/wp\/v2\/types\/post"}],"author":[{"embeddable":true,"href":"https:\/\/se-ret.org\/index.php\/wp-json\/wp\/v2\/users\/2"}],"replies":[{"embeddable":true,"href":"https:\/\/se-ret.org\/index.php\/wp-json\/wp\/v2\/comments?post=786"}],"version-history":[{"count":9,"href":"https:\/\/se-ret.org\/index.php\/wp-json\/wp\/v2\/posts\/786\/revisions"}],"predecessor-version":[{"id":808,"href":"https:\/\/se-ret.org\/index.php\/wp-json\/wp\/v2\/posts\/786\/revisions\/808"}],"wp:featuredmedia":[{"embeddable":true,"href":"https:\/\/se-ret.org\/index.php\/wp-json\/wp\/v2\/media\/787"}],"wp:attachment":[{"href":"https:\/\/se-ret.org\/index.php\/wp-json\/wp\/v2\/media?parent=786"}],"wp:term":[{"taxonomy":"category","embeddable":true,"href":"https:\/\/se-ret.org\/index.php\/wp-json\/wp\/v2\/categories?post=786"},{"taxonomy":"post_tag","embeddable":true,"href":"https:\/\/se-ret.org\/index.php\/wp-json\/wp\/v2\/tags?post=786"}],"curies":[{"name":"wp","href":"https:\/\/api.w.org\/{rel}","templated":true}]}}