{"id":763,"date":"2022-10-19T23:12:36","date_gmt":"2022-10-19T21:12:36","guid":{"rendered":"https:\/\/se-ret.org\/?p=763"},"modified":"2022-10-20T11:51:52","modified_gmt":"2022-10-20T09:51:52","slug":"jornada-sobre-oratoria-forense-en-la-facultad-de-derecho-de-la-ucm-el-lenguaje-como-arma-de-conviccion-juridica","status":"publish","type":"post","link":"https:\/\/se-ret.org\/index.php\/2022\/10\/19\/jornada-sobre-oratoria-forense-en-la-facultad-de-derecho-de-la-ucm-el-lenguaje-como-arma-de-conviccion-juridica\/","title":{"rendered":"Jornada sobre Oratoria Forense: \u00abEl lenguaje como arma de convicci\u00f3n jur\u00eddica\u00bb (28\/10\/2022)"},"content":{"rendered":"\n<div class=\"wp-block-file\"><object class=\"wp-block-file__embed\" data=\"https:\/\/se-ret.org\/wp-content\/uploads\/2022\/10\/programa-provisional-1.pdf\" type=\"application\/pdf\" style=\"width:100%;height:600px\" aria-label=\"Incrustado de programa.\"><\/object><a id=\"wp-block-file--media-e86dc893-9130-4340-9535-6bf6014f4ae1\" href=\"https:\/\/se-ret.org\/wp-content\/uploads\/2022\/10\/programa-provisional-1.pdf\">programa<\/a><a href=\"https:\/\/se-ret.org\/wp-content\/uploads\/2022\/10\/programa-provisional-1.pdf\" class=\"wp-block-file__button\" download aria-describedby=\"wp-block-file--media-e86dc893-9130-4340-9535-6bf6014f4ae1\">Descarga<\/a><\/div>\n\n\n\n<p>La SE-Ret les informa de la Jornada sobre Oratoria Forense (Facultad de Derecho, UCM 28\/10\/2022), cuyo programa figura adjunto, organizada por nuestro socio el prof. Jes\u00fas M\u00aa Gonz\u00e1lez Garc\u00eda y que cuenta con el apoyo de la sociedad. Una cordial invitaci\u00f3n. <\/p>\n","protected":false},"excerpt":{"rendered":"<p>La SE-Ret les informa de la Jornada sobre Oratoria Forense (Facultad de Derecho, UCM 28\/10\/2022), cuyo programa figura adjunto, organizada por nuestro socio el prof. Jes\u00fas M\u00aa Gonz\u00e1lez Garc\u00eda y que cuenta con el apoyo de la sociedad. Una cordial invitaci\u00f3n.<\/p>\n","protected":false},"author":2,"featured_media":770,"comment_status":"closed","ping_status":"closed","sticky":false,"template":"","format":"standard","meta":[],"categories":[1],"tags":[],"yoast_head":"<!-- This site is optimized with the Yoast SEO plugin v18.6 - https:\/\/yoast.com\/wordpress\/plugins\/seo\/ -->\n<title>Jornada sobre Oratoria Forense: &quot;El lenguaje como arma de convicci\u00f3n jur\u00eddica&quot; (28\/10\/2022) - SE-RET. Sociedad Espa\u00f1ola de Ret\u00f3rica<\/title>\n<meta name=\"robots\" content=\"index, follow, max-snippet:-1, max-image-preview:large, max-video-preview:-1\" \/>\n<link rel=\"canonical\" href=\"https:\/\/se-ret.org\/index.php\/2022\/10\/19\/jornada-sobre-oratoria-forense-en-la-facultad-de-derecho-de-la-ucm-el-lenguaje-como-arma-de-conviccion-juridica\/\" \/>\n<meta property=\"og:locale\" content=\"es_ES\" \/>\n<meta property=\"og:type\" content=\"article\" \/>\n<meta property=\"og:title\" content=\"Jornada sobre Oratoria Forense: &quot;El lenguaje como arma de convicci\u00f3n jur\u00eddica&quot; (28\/10\/2022) - SE-RET. Sociedad Espa\u00f1ola de Ret\u00f3rica\" \/>\n<meta property=\"og:description\" content=\"La SE-Ret les informa de la Jornada sobre Oratoria Forense (Facultad de Derecho, UCM 28\/10\/2022), cuyo programa figura adjunto, organizada por nuestro socio el prof. Jes\u00fas M\u00aa Gonz\u00e1lez Garc\u00eda y que cuenta con el apoyo de la sociedad. Una cordial invitaci\u00f3n.\" \/>\n<meta property=\"og:url\" content=\"https:\/\/se-ret.org\/index.php\/2022\/10\/19\/jornada-sobre-oratoria-forense-en-la-facultad-de-derecho-de-la-ucm-el-lenguaje-como-arma-de-conviccion-juridica\/\" \/>\n<meta property=\"og:site_name\" content=\"SE-RET. Sociedad Espa\u00f1ola de Ret\u00f3rica\" \/>\n<meta property=\"article:published_time\" content=\"2022-10-19T21:12:36+00:00\" \/>\n<meta property=\"article:modified_time\" content=\"2022-10-20T09:51:52+00:00\" \/>\n<meta property=\"og:image\" content=\"https:\/\/se-ret.org\/wp-content\/uploads\/2022\/10\/Captura.jpg\" \/>\n\t<meta property=\"og:image:width\" content=\"742\" \/>\n\t<meta property=\"og:image:height\" content=\"287\" \/>\n\t<meta property=\"og:image:type\" content=\"image\/jpeg\" \/>\n<meta name=\"twitter:card\" content=\"summary_large_image\" \/>\n<meta name=\"twitter:label1\" content=\"Escrito por\" \/>\n\t<meta name=\"twitter:data1\" content=\"Secretar\u00eda SE-Ret\" \/>\n\t<meta name=\"twitter:label2\" content=\"Tiempo de lectura\" \/>\n\t<meta name=\"twitter:data2\" content=\"1 minuto\" \/>\n<script type=\"application\/ld+json\" class=\"yoast-schema-graph\">{\"@context\":\"https:\/\/schema.org\",\"@graph\":[{\"@type\":\"WebSite\",\"@id\":\"https:\/\/se-ret.org\/#website\",\"url\":\"https:\/\/se-ret.org\/\",\"name\":\"SE-RET. Sociedad Espa\u00f1ola de Ret\u00f3rica\",\"description\":\"\",\"potentialAction\":[{\"@type\":\"SearchAction\",\"target\":{\"@type\":\"EntryPoint\",\"urlTemplate\":\"https:\/\/se-ret.org\/?s={search_term_string}\"},\"query-input\":\"required name=search_term_string\"}],\"inLanguage\":\"es\"},{\"@type\":\"ImageObject\",\"@id\":\"https:\/\/se-ret.org\/index.php\/2022\/10\/19\/jornada-sobre-oratoria-forense-en-la-facultad-de-derecho-de-la-ucm-el-lenguaje-como-arma-de-conviccion-juridica\/#primaryimage\",\"inLanguage\":\"es\",\"url\":\"https:\/\/se-ret.org\/wp-content\/uploads\/2022\/10\/Captura.jpg\",\"contentUrl\":\"https:\/\/se-ret.org\/wp-content\/uploads\/2022\/10\/Captura.jpg\",\"width\":742,\"height\":287},{\"@type\":\"WebPage\",\"@id\":\"https:\/\/se-ret.org\/index.php\/2022\/10\/19\/jornada-sobre-oratoria-forense-en-la-facultad-de-derecho-de-la-ucm-el-lenguaje-como-arma-de-conviccion-juridica\/#webpage\",\"url\":\"https:\/\/se-ret.org\/index.php\/2022\/10\/19\/jornada-sobre-oratoria-forense-en-la-facultad-de-derecho-de-la-ucm-el-lenguaje-como-arma-de-conviccion-juridica\/\",\"name\":\"Jornada sobre Oratoria Forense: \\\"El lenguaje como arma de convicci\u00f3n jur\u00eddica\\\" (28\/10\/2022) - SE-RET. Sociedad Espa\u00f1ola de Ret\u00f3rica\",\"isPartOf\":{\"@id\":\"https:\/\/se-ret.org\/#website\"},\"primaryImageOfPage\":{\"@id\":\"https:\/\/se-ret.org\/index.php\/2022\/10\/19\/jornada-sobre-oratoria-forense-en-la-facultad-de-derecho-de-la-ucm-el-lenguaje-como-arma-de-conviccion-juridica\/#primaryimage\"},\"datePublished\":\"2022-10-19T21:12:36+00:00\",\"dateModified\":\"2022-10-20T09:51:52+00:00\",\"author\":{\"@id\":\"https:\/\/se-ret.org\/#\/schema\/person\/a75788006f9b0bd21acb5ac502d4c3a3\"},\"breadcrumb\":{\"@id\":\"https:\/\/se-ret.org\/index.php\/2022\/10\/19\/jornada-sobre-oratoria-forense-en-la-facultad-de-derecho-de-la-ucm-el-lenguaje-como-arma-de-conviccion-juridica\/#breadcrumb\"},\"inLanguage\":\"es\",\"potentialAction\":[{\"@type\":\"ReadAction\",\"target\":[\"https:\/\/se-ret.org\/index.php\/2022\/10\/19\/jornada-sobre-oratoria-forense-en-la-facultad-de-derecho-de-la-ucm-el-lenguaje-como-arma-de-conviccion-juridica\/\"]}]},{\"@type\":\"BreadcrumbList\",\"@id\":\"https:\/\/se-ret.org\/index.php\/2022\/10\/19\/jornada-sobre-oratoria-forense-en-la-facultad-de-derecho-de-la-ucm-el-lenguaje-como-arma-de-conviccion-juridica\/#breadcrumb\",\"itemListElement\":[{\"@type\":\"ListItem\",\"position\":1,\"name\":\"Portada\",\"item\":\"https:\/\/se-ret.org\/index.php\/noticias\/\"},{\"@type\":\"ListItem\",\"position\":2,\"name\":\"Jornada sobre Oratoria Forense: \u00abEl lenguaje como arma de convicci\u00f3n jur\u00eddica\u00bb (28\/10\/2022)\"}]},{\"@type\":\"Person\",\"@id\":\"https:\/\/se-ret.org\/#\/schema\/person\/a75788006f9b0bd21acb5ac502d4c3a3\",\"name\":\"Secretar\u00eda SE-Ret\",\"url\":\"https:\/\/se-ret.org\/index.php\/author\/dahdelafuente\/\"}]}<\/script>\n<!-- \/ Yoast SEO plugin. -->","yoast_head_json":{"title":"Jornada sobre Oratoria Forense: \"El lenguaje como arma de convicci\u00f3n jur\u00eddica\" (28\/10\/2022) - SE-RET. Sociedad Espa\u00f1ola de Ret\u00f3rica","robots":{"index":"index","follow":"follow","max-snippet":"max-snippet:-1","max-image-preview":"max-image-preview:large","max-video-preview":"max-video-preview:-1"},"canonical":"https:\/\/se-ret.org\/index.php\/2022\/10\/19\/jornada-sobre-oratoria-forense-en-la-facultad-de-derecho-de-la-ucm-el-lenguaje-como-arma-de-conviccion-juridica\/","og_locale":"es_ES","og_type":"article","og_title":"Jornada sobre Oratoria Forense: \"El lenguaje como arma de convicci\u00f3n jur\u00eddica\" (28\/10\/2022) - SE-RET. Sociedad Espa\u00f1ola de Ret\u00f3rica","og_description":"La SE-Ret les informa de la Jornada sobre Oratoria Forense (Facultad de Derecho, UCM 28\/10\/2022), cuyo programa figura adjunto, organizada por nuestro socio el prof. Jes\u00fas M\u00aa Gonz\u00e1lez Garc\u00eda y que cuenta con el apoyo de la sociedad. Una cordial invitaci\u00f3n.","og_url":"https:\/\/se-ret.org\/index.php\/2022\/10\/19\/jornada-sobre-oratoria-forense-en-la-facultad-de-derecho-de-la-ucm-el-lenguaje-como-arma-de-conviccion-juridica\/","og_site_name":"SE-RET. Sociedad Espa\u00f1ola de Ret\u00f3rica","article_published_time":"2022-10-19T21:12:36+00:00","article_modified_time":"2022-10-20T09:51:52+00:00","og_image":[{"width":742,"height":287,"url":"https:\/\/se-ret.org\/wp-content\/uploads\/2022\/10\/Captura.jpg","type":"image\/jpeg"}],"twitter_card":"summary_large_image","twitter_misc":{"Escrito por":"Secretar\u00eda SE-Ret","Tiempo de lectura":"1 minuto"},"schema":{"@context":"https:\/\/schema.org","@graph":[{"@type":"WebSite","@id":"https:\/\/se-ret.org\/#website","url":"https:\/\/se-ret.org\/","name":"SE-RET. Sociedad Espa\u00f1ola de Ret\u00f3rica","description":"","potentialAction":[{"@type":"SearchAction","target":{"@type":"EntryPoint","urlTemplate":"https:\/\/se-ret.org\/?s={search_term_string}"},"query-input":"required name=search_term_string"}],"inLanguage":"es"},{"@type":"ImageObject","@id":"https:\/\/se-ret.org\/index.php\/2022\/10\/19\/jornada-sobre-oratoria-forense-en-la-facultad-de-derecho-de-la-ucm-el-lenguaje-como-arma-de-conviccion-juridica\/#primaryimage","inLanguage":"es","url":"https:\/\/se-ret.org\/wp-content\/uploads\/2022\/10\/Captura.jpg","contentUrl":"https:\/\/se-ret.org\/wp-content\/uploads\/2022\/10\/Captura.jpg","width":742,"height":287},{"@type":"WebPage","@id":"https:\/\/se-ret.org\/index.php\/2022\/10\/19\/jornada-sobre-oratoria-forense-en-la-facultad-de-derecho-de-la-ucm-el-lenguaje-como-arma-de-conviccion-juridica\/#webpage","url":"https:\/\/se-ret.org\/index.php\/2022\/10\/19\/jornada-sobre-oratoria-forense-en-la-facultad-de-derecho-de-la-ucm-el-lenguaje-como-arma-de-conviccion-juridica\/","name":"Jornada sobre Oratoria Forense: \"El lenguaje como arma de convicci\u00f3n jur\u00eddica\" (28\/10\/2022) - SE-RET. Sociedad Espa\u00f1ola de Ret\u00f3rica","isPartOf":{"@id":"https:\/\/se-ret.org\/#website"},"primaryImageOfPage":{"@id":"https:\/\/se-ret.org\/index.php\/2022\/10\/19\/jornada-sobre-oratoria-forense-en-la-facultad-de-derecho-de-la-ucm-el-lenguaje-como-arma-de-conviccion-juridica\/#primaryimage"},"datePublished":"2022-10-19T21:12:36+00:00","dateModified":"2022-10-20T09:51:52+00:00","author":{"@id":"https:\/\/se-ret.org\/#\/schema\/person\/a75788006f9b0bd21acb5ac502d4c3a3"},"breadcrumb":{"@id":"https:\/\/se-ret.org\/index.php\/2022\/10\/19\/jornada-sobre-oratoria-forense-en-la-facultad-de-derecho-de-la-ucm-el-lenguaje-como-arma-de-conviccion-juridica\/#breadcrumb"},"inLanguage":"es","potentialAction":[{"@type":"ReadAction","target":["https:\/\/se-ret.org\/index.php\/2022\/10\/19\/jornada-sobre-oratoria-forense-en-la-facultad-de-derecho-de-la-ucm-el-lenguaje-como-arma-de-conviccion-juridica\/"]}]},{"@type":"BreadcrumbList","@id":"https:\/\/se-ret.org\/index.php\/2022\/10\/19\/jornada-sobre-oratoria-forense-en-la-facultad-de-derecho-de-la-ucm-el-lenguaje-como-arma-de-conviccion-juridica\/#breadcrumb","itemListElement":[{"@type":"ListItem","position":1,"name":"Portada","item":"https:\/\/se-ret.org\/index.php\/noticias\/"},{"@type":"ListItem","position":2,"name":"Jornada sobre Oratoria Forense: \u00abEl lenguaje como arma de convicci\u00f3n jur\u00eddica\u00bb (28\/10\/2022)"}]},{"@type":"Person","@id":"https:\/\/se-ret.org\/#\/schema\/person\/a75788006f9b0bd21acb5ac502d4c3a3","name":"Secretar\u00eda SE-Ret","url":"https:\/\/se-ret.org\/index.php\/author\/dahdelafuente\/"}]}},"_links":{"self":[{"href":"https:\/\/se-ret.org\/index.php\/wp-json\/wp\/v2\/posts\/763"}],"collection":[{"href":"https:\/\/se-ret.org\/index.php\/wp-json\/wp\/v2\/posts"}],"about":[{"href":"https:\/\/se-ret.org\/index.php\/wp-json\/wp\/v2\/types\/post"}],"author":[{"embeddable":true,"href":"https:\/\/se-ret.org\/index.php\/wp-json\/wp\/v2\/users\/2"}],"replies":[{"embeddable":true,"href":"https:\/\/se-ret.org\/index.php\/wp-json\/wp\/v2\/comments?post=763"}],"version-history":[{"count":8,"href":"https:\/\/se-ret.org\/index.php\/wp-json\/wp\/v2\/posts\/763\/revisions"}],"predecessor-version":[{"id":783,"href":"https:\/\/se-ret.org\/index.php\/wp-json\/wp\/v2\/posts\/763\/revisions\/783"}],"wp:featuredmedia":[{"embeddable":true,"href":"https:\/\/se-ret.org\/index.php\/wp-json\/wp\/v2\/media\/770"}],"wp:attachment":[{"href":"https:\/\/se-ret.org\/index.php\/wp-json\/wp\/v2\/media?parent=763"}],"wp:term":[{"taxonomy":"category","embeddable":true,"href":"https:\/\/se-ret.org\/index.php\/wp-json\/wp\/v2\/categories?post=763"},{"taxonomy":"post_tag","embeddable":true,"href":"https:\/\/se-ret.org\/index.php\/wp-json\/wp\/v2\/tags?post=763"}],"curies":[{"name":"wp","href":"https:\/\/api.w.org\/{rel}","templated":true}]}}