{"id":735,"date":"2022-10-17T16:36:15","date_gmt":"2022-10-17T14:36:15","guid":{"rendered":"https:\/\/se-ret.org\/?p=735"},"modified":"2022-10-20T11:49:07","modified_gmt":"2022-10-20T09:49:07","slug":"fallecimiento-de-d-luis-vega-renon","status":"publish","type":"post","link":"https:\/\/se-ret.org\/index.php\/2022\/10\/17\/fallecimiento-de-d-luis-vega-renon\/","title":{"rendered":"La SE-Ret se conduele por el fallecimiento de D. Luis Vega Re\u00f1\u00f3n"},"content":{"rendered":"<p>La SE-Ret, su junta directiva y todos sus socios lamentan muy profundamente la p\u00e9rdida del profesor D. Luis Vega Re\u00f1\u00f3n, uno de los m\u00e1s destacados estudiosos de la teor\u00eda de la argumentaci\u00f3n en el mundo hisp\u00e1nico. Recordamos su activa participaci\u00f3n en nuestra sociedad y su excelente conferencia en nuestro II ciclo. Reproducimos a continuaci\u00f3n la nota in memoriam que ha redactado nuestra compa\u00f1era y socia la profesora Paula Olmos. <\/p>\n<p>Luis Vega Re\u00f1\u00f3n (Astorga, 1943-Madrid, 2022)<\/p>\n<p>El pasado 10 de octubre fallec\u00eda en Madrid, tras una breve pero devastadora enfermedad, Luis Vega Re\u00f1\u00f3n, fil\u00f3sofo e historiador de la L\u00f3gica, introductor en Espa\u00f1a de la teor\u00eda de la argumentaci\u00f3n y de la recuperaci\u00f3n de la reflexi\u00f3n filos\u00f3fica sobre la Ret\u00f3rica, mi maestro y un referente intelectual para tantos otros, tanto en el \u00e1rea acad\u00e9mica de la L\u00f3gica y la Filosof\u00eda de la Ciencia, como en el \u00e1mbito de los Estudios Cl\u00e1sicos, tanto en la vieja orilla espa\u00f1ola, como en la acogedora Am\u00e9rica, que le aplaudi\u00f3 y le admir\u00f3. Nos ha dejado un pensador original, siempre explorando nichos insospechados, un intelectual honesto y trabajador, activo hasta el \u00faltimo suspiro, y sobre todo una personalidad ins\u00f3lita en el \u00e1mbito acad\u00e9mico espa\u00f1ol, por su inter\u00e9s en las personas y en las ideas, m\u00e1s que en los puestos, los fastos o las regal\u00edas.<br \/>\nLuis Vega inici\u00f3 su trayectoria intelectual a partir de su licenciatura en Filosof\u00eda, en la Universidad Complutense de Madrid, en 1968. Su primer destino fue La Laguna (Tenerife), localidad en la que vivi\u00f3 entre 1969 y 1978, dedicado a la ense\u00f1anza secundaria, como profesor agregado y luego catedr\u00e1tico de instituto. All\u00ed coincidi\u00f3 con el profesor Emilio Lled\u00f3 (RAE), quien hab\u00eda accedido a su primer puesto de catedr\u00e1tico en la Universidad de La Laguna, en 1964 y con quien trab\u00f3 una amistad y cercan\u00eda intelectual que se prolongar\u00eda durante toda su vida. Tras volver a Madrid, al IES Lope de Vega, en el curso 1978-1979, complet\u00f3 su tesis doctoral (El problema de la demarcaci\u00f3n entre filosof\u00eda y ciencia en Karl R. Popper, UCM) lo que le permiti\u00f3 incorporarse como profesor universitario a la UNED, primero como titular, en 1979 y, en 1997, como catedr\u00e1tico en el \u00e1rea de L\u00f3gica y Filosof\u00eda de la Ciencia. A partir de 2013, pas\u00f3 a ser profesor em\u00e9rito en la UNED.<br \/>\nLos intereses filos\u00f3ficos de Luis Vega giraron siempre en torno a los aspectos m\u00e1s claramente contextuales y culturalmente relevantes de la L\u00f3gica, m\u00e1s que centrarse en su ejercicio disciplinar abstracto. Su historia, su surgimiento, su relaci\u00f3n con diversas pr\u00e1cticas demostrativas y justificativas, de car\u00e1cter m\u00e1s t\u00e9cnico o m\u00e1s proped\u00e9utico, las fluctuaciones de su caracterizaci\u00f3n formal, ser\u00edan las cuestiones que abordar\u00eda en libros de una erudici\u00f3n encomiable, como La trama de la demostraci\u00f3n. (Los griegos y la raz\u00f3n tejedora de pruebas) (Alianza, 1990) o Artes de la raz\u00f3n (Una historia de la demostraci\u00f3n en la Edad Media) (UNED, 1999).<br \/>\nA partir de 2003, con la publicaci\u00f3n de Si de argumentar se trata (Montesinos), su nombre se asocia a la introducci\u00f3n en Espa\u00f1a de los estudios sobre argumentaci\u00f3n; un giro en la reflexi\u00f3n sobre nuestros usos discursivos de car\u00e1cter justificativo que supondr\u00e1 una aut\u00e9ntica reevaluaci\u00f3n del papel (y el car\u00e1cter) de la L\u00f3gica en el curr\u00edculo filos\u00f3fico y en el propio an\u00e1lisis conceptual de otras pr\u00e1cticas racionales. El giro argumentativo en L\u00f3gica, con toda su novedad y originalidad, supon\u00eda tambi\u00e9n la recuperaci\u00f3n de un \u00e1mbito de inter\u00e9s desprejuiciado en las artes del discurso que permit\u00eda, de nuevo, la atenci\u00f3n a la Ret\u00f3rica y a la Dial\u00e9ctica. Las propuestas y publicaciones de Luis Vega, en este sentido, se hicieron pertinentes para un amplio sector de estudiosos en estas cuestiones, m\u00e1s all\u00e1 del recinto de la filosof\u00eda anal\u00edtica.<br \/>\nLuis Vega promovi\u00f3, a partir de 2006, el surgimiento de un potente grupo de investigaci\u00f3n en argumentaci\u00f3n cuya colaboraci\u00f3n hizo posible la publicaci\u00f3n, en 2011, de la obra colectiva de referencia Compendio de L\u00f3gica, Argumentaci\u00f3n y Ret\u00f3rica (eds. L. Vega y P. Olmos, Trotta), ya por su cuarta edici\u00f3n, y tambi\u00e9n la puesta en marcha, a finales de 2010, de la Revista Iberoamericana de Argumentaci\u00f3n, publicada inicialmente en la UNED y, a partir de 2016, en la UAM. Y, en 2013, recuper\u00f3, con La fauna de las falacias (Trotta), su propia voz y originalidad, aportando de nuevo una revisi\u00f3n desprejuiciada e hist\u00f3ricamente informada sobre la inasible infinidad de formas en las que se nos presenta y apela el discurso potencialmente enga\u00f1oso.<br \/>\nLuis Vega sigui\u00f3 enormemente activo, publicando en los \u00faltimos a\u00f1os varios libros m\u00e1s, algunos de ellos, revisiones de textos anteriores: Introducci\u00f3n a la teor\u00eda de la argumentaci\u00f3n. Perspectivas y problemas (Palestra, 2015), L\u00f3gica para ciudadanos. Ensayos sobre L\u00f3gica civil (EAE \u2013 OmniScriptum, 2017), La argumentaci\u00f3n en la historia. Tres momentos constituyentes (EAE &#8211; OmniScriptum, 2019), Fake news, desinformaci\u00f3n y posverdad. Malos tiempos para el discurso p\u00fablico (EAE &#8211; OmniScriptum, 2020), La naturaleza de las falacias (Palestra, 2021), La teor\u00eda de la argumentaci\u00f3n en sus textos (Palestra, 2022).<br \/>\nRecordaremos, sin duda, su magisterio humano e intelectual, su gusto por el decoro discursivo y personal, su disposici\u00f3n a conversar y a disfrutar del convivio y su independencia de toda moda apresurada, toda exageraci\u00f3n sectaria y toda alambicada necedad.<br \/>\nSit tibi terra levis.<\/p>\n<p>Paula Olmos<\/p>\n","protected":false},"excerpt":{"rendered":"","protected":false},"author":2,"featured_media":755,"comment_status":"closed","ping_status":"closed","sticky":false,"template":"","format":"standard","meta":[],"categories":[1],"tags":[],"yoast_head":"<!-- This site is optimized with the Yoast SEO plugin v18.6 - https:\/\/yoast.com\/wordpress\/plugins\/seo\/ -->\n<title>La SE-Ret se conduele por el fallecimiento de D. Luis Vega Re\u00f1\u00f3n - SE-RET. Sociedad Espa\u00f1ola de Ret\u00f3rica<\/title>\n<meta name=\"robots\" content=\"index, follow, max-snippet:-1, max-image-preview:large, max-video-preview:-1\" \/>\n<link rel=\"canonical\" href=\"https:\/\/se-ret.org\/index.php\/2022\/10\/17\/fallecimiento-de-d-luis-vega-renon\/\" \/>\n<meta property=\"og:locale\" content=\"es_ES\" \/>\n<meta property=\"og:type\" content=\"article\" \/>\n<meta property=\"og:title\" content=\"La SE-Ret se conduele por el fallecimiento de D. Luis Vega Re\u00f1\u00f3n - SE-RET. Sociedad Espa\u00f1ola de Ret\u00f3rica\" \/>\n<meta property=\"og:url\" content=\"https:\/\/se-ret.org\/index.php\/2022\/10\/17\/fallecimiento-de-d-luis-vega-renon\/\" \/>\n<meta property=\"og:site_name\" content=\"SE-RET. Sociedad Espa\u00f1ola de Ret\u00f3rica\" \/>\n<meta property=\"article:published_time\" content=\"2022-10-17T14:36:15+00:00\" \/>\n<meta property=\"article:modified_time\" content=\"2022-10-20T09:49:07+00:00\" \/>\n<meta property=\"og:image\" content=\"https:\/\/se-ret.org\/wp-content\/uploads\/2022\/10\/Luis-Vega-Rinon-1.jpg\" \/>\n\t<meta property=\"og:image:width\" content=\"2048\" \/>\n\t<meta property=\"og:image:height\" content=\"1536\" \/>\n\t<meta property=\"og:image:type\" content=\"image\/jpeg\" \/>\n<meta name=\"twitter:card\" content=\"summary_large_image\" \/>\n<meta name=\"twitter:label1\" content=\"Escrito por\" \/>\n\t<meta name=\"twitter:data1\" content=\"Secretar\u00eda SE-Ret\" \/>\n\t<meta name=\"twitter:label2\" content=\"Tiempo de lectura\" \/>\n\t<meta name=\"twitter:data2\" content=\"4 minutos\" \/>\n<script type=\"application\/ld+json\" class=\"yoast-schema-graph\">{\"@context\":\"https:\/\/schema.org\",\"@graph\":[{\"@type\":\"WebSite\",\"@id\":\"https:\/\/se-ret.org\/#website\",\"url\":\"https:\/\/se-ret.org\/\",\"name\":\"SE-RET. Sociedad Espa\u00f1ola de Ret\u00f3rica\",\"description\":\"\",\"potentialAction\":[{\"@type\":\"SearchAction\",\"target\":{\"@type\":\"EntryPoint\",\"urlTemplate\":\"https:\/\/se-ret.org\/?s={search_term_string}\"},\"query-input\":\"required name=search_term_string\"}],\"inLanguage\":\"es\"},{\"@type\":\"ImageObject\",\"@id\":\"https:\/\/se-ret.org\/index.php\/2022\/10\/17\/fallecimiento-de-d-luis-vega-renon\/#primaryimage\",\"inLanguage\":\"es\",\"url\":\"https:\/\/se-ret.org\/wp-content\/uploads\/2022\/10\/Luis-Vega-Rinon-1.jpg\",\"contentUrl\":\"https:\/\/se-ret.org\/wp-content\/uploads\/2022\/10\/Luis-Vega-Rinon-1.jpg\",\"width\":2048,\"height\":1536},{\"@type\":\"WebPage\",\"@id\":\"https:\/\/se-ret.org\/index.php\/2022\/10\/17\/fallecimiento-de-d-luis-vega-renon\/#webpage\",\"url\":\"https:\/\/se-ret.org\/index.php\/2022\/10\/17\/fallecimiento-de-d-luis-vega-renon\/\",\"name\":\"La SE-Ret se conduele por el fallecimiento de D. Luis Vega Re\u00f1\u00f3n - SE-RET. Sociedad Espa\u00f1ola de Ret\u00f3rica\",\"isPartOf\":{\"@id\":\"https:\/\/se-ret.org\/#website\"},\"primaryImageOfPage\":{\"@id\":\"https:\/\/se-ret.org\/index.php\/2022\/10\/17\/fallecimiento-de-d-luis-vega-renon\/#primaryimage\"},\"datePublished\":\"2022-10-17T14:36:15+00:00\",\"dateModified\":\"2022-10-20T09:49:07+00:00\",\"author\":{\"@id\":\"https:\/\/se-ret.org\/#\/schema\/person\/a75788006f9b0bd21acb5ac502d4c3a3\"},\"breadcrumb\":{\"@id\":\"https:\/\/se-ret.org\/index.php\/2022\/10\/17\/fallecimiento-de-d-luis-vega-renon\/#breadcrumb\"},\"inLanguage\":\"es\",\"potentialAction\":[{\"@type\":\"ReadAction\",\"target\":[\"https:\/\/se-ret.org\/index.php\/2022\/10\/17\/fallecimiento-de-d-luis-vega-renon\/\"]}]},{\"@type\":\"BreadcrumbList\",\"@id\":\"https:\/\/se-ret.org\/index.php\/2022\/10\/17\/fallecimiento-de-d-luis-vega-renon\/#breadcrumb\",\"itemListElement\":[{\"@type\":\"ListItem\",\"position\":1,\"name\":\"Portada\",\"item\":\"https:\/\/se-ret.org\/index.php\/noticias\/\"},{\"@type\":\"ListItem\",\"position\":2,\"name\":\"La SE-Ret se conduele por el fallecimiento de D. Luis Vega Re\u00f1\u00f3n\"}]},{\"@type\":\"Person\",\"@id\":\"https:\/\/se-ret.org\/#\/schema\/person\/a75788006f9b0bd21acb5ac502d4c3a3\",\"name\":\"Secretar\u00eda SE-Ret\",\"url\":\"https:\/\/se-ret.org\/index.php\/author\/dahdelafuente\/\"}]}<\/script>\n<!-- \/ Yoast SEO plugin. -->","yoast_head_json":{"title":"La SE-Ret se conduele por el fallecimiento de D. Luis Vega Re\u00f1\u00f3n - SE-RET. Sociedad Espa\u00f1ola de Ret\u00f3rica","robots":{"index":"index","follow":"follow","max-snippet":"max-snippet:-1","max-image-preview":"max-image-preview:large","max-video-preview":"max-video-preview:-1"},"canonical":"https:\/\/se-ret.org\/index.php\/2022\/10\/17\/fallecimiento-de-d-luis-vega-renon\/","og_locale":"es_ES","og_type":"article","og_title":"La SE-Ret se conduele por el fallecimiento de D. Luis Vega Re\u00f1\u00f3n - SE-RET. Sociedad Espa\u00f1ola de Ret\u00f3rica","og_url":"https:\/\/se-ret.org\/index.php\/2022\/10\/17\/fallecimiento-de-d-luis-vega-renon\/","og_site_name":"SE-RET. Sociedad Espa\u00f1ola de Ret\u00f3rica","article_published_time":"2022-10-17T14:36:15+00:00","article_modified_time":"2022-10-20T09:49:07+00:00","og_image":[{"width":2048,"height":1536,"url":"https:\/\/se-ret.org\/wp-content\/uploads\/2022\/10\/Luis-Vega-Rinon-1.jpg","type":"image\/jpeg"}],"twitter_card":"summary_large_image","twitter_misc":{"Escrito por":"Secretar\u00eda SE-Ret","Tiempo de lectura":"4 minutos"},"schema":{"@context":"https:\/\/schema.org","@graph":[{"@type":"WebSite","@id":"https:\/\/se-ret.org\/#website","url":"https:\/\/se-ret.org\/","name":"SE-RET. Sociedad Espa\u00f1ola de Ret\u00f3rica","description":"","potentialAction":[{"@type":"SearchAction","target":{"@type":"EntryPoint","urlTemplate":"https:\/\/se-ret.org\/?s={search_term_string}"},"query-input":"required name=search_term_string"}],"inLanguage":"es"},{"@type":"ImageObject","@id":"https:\/\/se-ret.org\/index.php\/2022\/10\/17\/fallecimiento-de-d-luis-vega-renon\/#primaryimage","inLanguage":"es","url":"https:\/\/se-ret.org\/wp-content\/uploads\/2022\/10\/Luis-Vega-Rinon-1.jpg","contentUrl":"https:\/\/se-ret.org\/wp-content\/uploads\/2022\/10\/Luis-Vega-Rinon-1.jpg","width":2048,"height":1536},{"@type":"WebPage","@id":"https:\/\/se-ret.org\/index.php\/2022\/10\/17\/fallecimiento-de-d-luis-vega-renon\/#webpage","url":"https:\/\/se-ret.org\/index.php\/2022\/10\/17\/fallecimiento-de-d-luis-vega-renon\/","name":"La SE-Ret se conduele por el fallecimiento de D. Luis Vega Re\u00f1\u00f3n - SE-RET. Sociedad Espa\u00f1ola de Ret\u00f3rica","isPartOf":{"@id":"https:\/\/se-ret.org\/#website"},"primaryImageOfPage":{"@id":"https:\/\/se-ret.org\/index.php\/2022\/10\/17\/fallecimiento-de-d-luis-vega-renon\/#primaryimage"},"datePublished":"2022-10-17T14:36:15+00:00","dateModified":"2022-10-20T09:49:07+00:00","author":{"@id":"https:\/\/se-ret.org\/#\/schema\/person\/a75788006f9b0bd21acb5ac502d4c3a3"},"breadcrumb":{"@id":"https:\/\/se-ret.org\/index.php\/2022\/10\/17\/fallecimiento-de-d-luis-vega-renon\/#breadcrumb"},"inLanguage":"es","potentialAction":[{"@type":"ReadAction","target":["https:\/\/se-ret.org\/index.php\/2022\/10\/17\/fallecimiento-de-d-luis-vega-renon\/"]}]},{"@type":"BreadcrumbList","@id":"https:\/\/se-ret.org\/index.php\/2022\/10\/17\/fallecimiento-de-d-luis-vega-renon\/#breadcrumb","itemListElement":[{"@type":"ListItem","position":1,"name":"Portada","item":"https:\/\/se-ret.org\/index.php\/noticias\/"},{"@type":"ListItem","position":2,"name":"La SE-Ret se conduele por el fallecimiento de D. Luis Vega Re\u00f1\u00f3n"}]},{"@type":"Person","@id":"https:\/\/se-ret.org\/#\/schema\/person\/a75788006f9b0bd21acb5ac502d4c3a3","name":"Secretar\u00eda SE-Ret","url":"https:\/\/se-ret.org\/index.php\/author\/dahdelafuente\/"}]}},"_links":{"self":[{"href":"https:\/\/se-ret.org\/index.php\/wp-json\/wp\/v2\/posts\/735"}],"collection":[{"href":"https:\/\/se-ret.org\/index.php\/wp-json\/wp\/v2\/posts"}],"about":[{"href":"https:\/\/se-ret.org\/index.php\/wp-json\/wp\/v2\/types\/post"}],"author":[{"embeddable":true,"href":"https:\/\/se-ret.org\/index.php\/wp-json\/wp\/v2\/users\/2"}],"replies":[{"embeddable":true,"href":"https:\/\/se-ret.org\/index.php\/wp-json\/wp\/v2\/comments?post=735"}],"version-history":[{"count":12,"href":"https:\/\/se-ret.org\/index.php\/wp-json\/wp\/v2\/posts\/735\/revisions"}],"predecessor-version":[{"id":776,"href":"https:\/\/se-ret.org\/index.php\/wp-json\/wp\/v2\/posts\/735\/revisions\/776"}],"wp:featuredmedia":[{"embeddable":true,"href":"https:\/\/se-ret.org\/index.php\/wp-json\/wp\/v2\/media\/755"}],"wp:attachment":[{"href":"https:\/\/se-ret.org\/index.php\/wp-json\/wp\/v2\/media?parent=735"}],"wp:term":[{"taxonomy":"category","embeddable":true,"href":"https:\/\/se-ret.org\/index.php\/wp-json\/wp\/v2\/categories?post=735"},{"taxonomy":"post_tag","embeddable":true,"href":"https:\/\/se-ret.org\/index.php\/wp-json\/wp\/v2\/tags?post=735"}],"curies":[{"name":"wp","href":"https:\/\/api.w.org\/{rel}","templated":true}]}}