{"id":670,"date":"2022-09-13T18:58:30","date_gmt":"2022-09-13T16:58:30","guid":{"rendered":"https:\/\/se-ret.org\/?p=670"},"modified":"2022-09-13T19:46:05","modified_gmt":"2022-09-13T17:46:05","slug":"seminario-metafora-campos-limites-y-analogia-por-el-prof-dr-tomas-albaladejo-2","status":"publish","type":"post","link":"https:\/\/se-ret.org\/index.php\/2022\/09\/13\/seminario-metafora-campos-limites-y-analogia-por-el-prof-dr-tomas-albaladejo-2\/","title":{"rendered":"Seminario \u00abMet\u00e1fora: campos, l\u00edmites y analog\u00eda\u00bb, por el Prof. Dr. Tom\u00e1s Albaladejo"},"content":{"rendered":"\n<div class=\"wp-container-1 wp-block-group\"><div class=\"wp-block-group__inner-container\">\n<figure class=\"wp-block-image\"><img alt=\"\"\/><\/figure>\n\n\n<p>La C\u00e1tedra de Cultura y Literatura Europea de la Universidad de Groningen (Pa\u00edses Bajos) y la C\u00e1tedra Pablo Valdivia de Comunicaci\u00f3n, Humanidades y Tecnolog\u00eda del DOCCOM de la Universidad Austral de Chile-Universidad de la Frontera se complacen en invitarles a participar en el seminario de apertura del nuevo a\u00f1o acad\u00e9mico. Dicho seminario lleva por t\u00edtulo Met\u00e1fora: campos, l\u00edmites y analog\u00eda y ser\u00e1 impartido presencial y telem\u00e1ticamente en la Universidad de Groningen por el Prof. Dr. Tom\u00e1s Albaladejo (Universidad Aut\u00f3noma de Madrid, Espa\u00f1a) el 21 de septiembre de 2022 de 15:00 a 18:00 h (hora de Groningen (GMT+2) \/ de 09:00 a 12:00 h (hora de Santiago de Chile (GMT-4)). <\/p>\n<p>LINK HERE: <a href=\"https:\/\/meet.google.com\/bfz-ftes-rga\"> acceso online <\/a> <\/p>\n<a href=\"https:\/\/se-ret.org\/wp-content\/uploads\/2022\/09\/Poster-Info-Research-Seminar-21-Sept-2022-TA-1.pdf\" class=\"pdfemb-viewer\" style=\"\" data-width=\"max\" data-height=\"max\" data-toolbar=\"bottom\" data-toolbar-fixed=\"off\">Poster &amp; Info Research Seminar 21 Sept 2022 TA (1)<\/a>\n<\/div><\/div>\n\n\n\n<p><\/p>\n","protected":false},"excerpt":{"rendered":"","protected":false},"author":2,"featured_media":673,"comment_status":"closed","ping_status":"closed","sticky":false,"template":"","format":"standard","meta":[],"categories":[1],"tags":[],"yoast_head":"<!-- This site is optimized with the Yoast SEO plugin v18.6 - https:\/\/yoast.com\/wordpress\/plugins\/seo\/ -->\n<title>Seminario &quot;Met\u00e1fora: campos, l\u00edmites y analog\u00eda&quot;, por el Prof. Dr. Tom\u00e1s Albaladejo - SE-RET. Sociedad Espa\u00f1ola de Ret\u00f3rica<\/title>\n<meta name=\"robots\" content=\"index, follow, max-snippet:-1, max-image-preview:large, max-video-preview:-1\" \/>\n<link rel=\"canonical\" href=\"https:\/\/se-ret.org\/index.php\/2022\/09\/13\/seminario-metafora-campos-limites-y-analogia-por-el-prof-dr-tomas-albaladejo-2\/\" \/>\n<meta property=\"og:locale\" content=\"es_ES\" \/>\n<meta property=\"og:type\" content=\"article\" \/>\n<meta property=\"og:title\" content=\"Seminario &quot;Met\u00e1fora: campos, l\u00edmites y analog\u00eda&quot;, por el Prof. Dr. Tom\u00e1s Albaladejo - SE-RET. Sociedad Espa\u00f1ola de Ret\u00f3rica\" \/>\n<meta property=\"og:url\" content=\"https:\/\/se-ret.org\/index.php\/2022\/09\/13\/seminario-metafora-campos-limites-y-analogia-por-el-prof-dr-tomas-albaladejo-2\/\" \/>\n<meta property=\"og:site_name\" content=\"SE-RET. Sociedad Espa\u00f1ola de Ret\u00f3rica\" \/>\n<meta property=\"article:published_time\" content=\"2022-09-13T16:58:30+00:00\" \/>\n<meta property=\"article:modified_time\" content=\"2022-09-13T17:46:05+00:00\" \/>\n<meta property=\"og:image\" content=\"https:\/\/se-ret.org\/wp-content\/uploads\/2022\/09\/Poster-Info-Research-Seminar-21-Sept-2022-TA_page-0001-1.jpg\" \/>\n\t<meta property=\"og:image:width\" content=\"1275\" \/>\n\t<meta property=\"og:image:height\" content=\"1650\" \/>\n\t<meta property=\"og:image:type\" content=\"image\/jpeg\" \/>\n<meta name=\"twitter:card\" content=\"summary_large_image\" \/>\n<meta name=\"twitter:label1\" content=\"Escrito por\" \/>\n\t<meta name=\"twitter:data1\" content=\"Secretar\u00eda SE-Ret\" \/>\n\t<meta name=\"twitter:label2\" content=\"Tiempo de lectura\" \/>\n\t<meta name=\"twitter:data2\" content=\"1 minuto\" \/>\n<script type=\"application\/ld+json\" class=\"yoast-schema-graph\">{\"@context\":\"https:\/\/schema.org\",\"@graph\":[{\"@type\":\"WebSite\",\"@id\":\"https:\/\/se-ret.org\/#website\",\"url\":\"https:\/\/se-ret.org\/\",\"name\":\"SE-RET. Sociedad Espa\u00f1ola de Ret\u00f3rica\",\"description\":\"\",\"potentialAction\":[{\"@type\":\"SearchAction\",\"target\":{\"@type\":\"EntryPoint\",\"urlTemplate\":\"https:\/\/se-ret.org\/?s={search_term_string}\"},\"query-input\":\"required name=search_term_string\"}],\"inLanguage\":\"es\"},{\"@type\":\"ImageObject\",\"@id\":\"https:\/\/se-ret.org\/index.php\/2022\/09\/13\/seminario-metafora-campos-limites-y-analogia-por-el-prof-dr-tomas-albaladejo-2\/#primaryimage\",\"inLanguage\":\"es\",\"url\":\"https:\/\/se-ret.org\/wp-content\/uploads\/2022\/09\/Poster-Info-Research-Seminar-21-Sept-2022-TA_page-0001-1.jpg\",\"contentUrl\":\"https:\/\/se-ret.org\/wp-content\/uploads\/2022\/09\/Poster-Info-Research-Seminar-21-Sept-2022-TA_page-0001-1.jpg\",\"width\":1275,\"height\":1650},{\"@type\":\"WebPage\",\"@id\":\"https:\/\/se-ret.org\/index.php\/2022\/09\/13\/seminario-metafora-campos-limites-y-analogia-por-el-prof-dr-tomas-albaladejo-2\/#webpage\",\"url\":\"https:\/\/se-ret.org\/index.php\/2022\/09\/13\/seminario-metafora-campos-limites-y-analogia-por-el-prof-dr-tomas-albaladejo-2\/\",\"name\":\"Seminario \\\"Met\u00e1fora: campos, l\u00edmites y analog\u00eda\\\", por el Prof. Dr. Tom\u00e1s Albaladejo - SE-RET. Sociedad Espa\u00f1ola de Ret\u00f3rica\",\"isPartOf\":{\"@id\":\"https:\/\/se-ret.org\/#website\"},\"primaryImageOfPage\":{\"@id\":\"https:\/\/se-ret.org\/index.php\/2022\/09\/13\/seminario-metafora-campos-limites-y-analogia-por-el-prof-dr-tomas-albaladejo-2\/#primaryimage\"},\"datePublished\":\"2022-09-13T16:58:30+00:00\",\"dateModified\":\"2022-09-13T17:46:05+00:00\",\"author\":{\"@id\":\"https:\/\/se-ret.org\/#\/schema\/person\/a75788006f9b0bd21acb5ac502d4c3a3\"},\"breadcrumb\":{\"@id\":\"https:\/\/se-ret.org\/index.php\/2022\/09\/13\/seminario-metafora-campos-limites-y-analogia-por-el-prof-dr-tomas-albaladejo-2\/#breadcrumb\"},\"inLanguage\":\"es\",\"potentialAction\":[{\"@type\":\"ReadAction\",\"target\":[\"https:\/\/se-ret.org\/index.php\/2022\/09\/13\/seminario-metafora-campos-limites-y-analogia-por-el-prof-dr-tomas-albaladejo-2\/\"]}]},{\"@type\":\"BreadcrumbList\",\"@id\":\"https:\/\/se-ret.org\/index.php\/2022\/09\/13\/seminario-metafora-campos-limites-y-analogia-por-el-prof-dr-tomas-albaladejo-2\/#breadcrumb\",\"itemListElement\":[{\"@type\":\"ListItem\",\"position\":1,\"name\":\"Portada\",\"item\":\"https:\/\/se-ret.org\/index.php\/noticias\/\"},{\"@type\":\"ListItem\",\"position\":2,\"name\":\"Seminario \u00abMet\u00e1fora: campos, l\u00edmites y analog\u00eda\u00bb, por el Prof. Dr. Tom\u00e1s Albaladejo\"}]},{\"@type\":\"Person\",\"@id\":\"https:\/\/se-ret.org\/#\/schema\/person\/a75788006f9b0bd21acb5ac502d4c3a3\",\"name\":\"Secretar\u00eda SE-Ret\",\"url\":\"https:\/\/se-ret.org\/index.php\/author\/dahdelafuente\/\"}]}<\/script>\n<!-- \/ Yoast SEO plugin. -->","yoast_head_json":{"title":"Seminario \"Met\u00e1fora: campos, l\u00edmites y analog\u00eda\", por el Prof. Dr. Tom\u00e1s Albaladejo - SE-RET. Sociedad Espa\u00f1ola de Ret\u00f3rica","robots":{"index":"index","follow":"follow","max-snippet":"max-snippet:-1","max-image-preview":"max-image-preview:large","max-video-preview":"max-video-preview:-1"},"canonical":"https:\/\/se-ret.org\/index.php\/2022\/09\/13\/seminario-metafora-campos-limites-y-analogia-por-el-prof-dr-tomas-albaladejo-2\/","og_locale":"es_ES","og_type":"article","og_title":"Seminario \"Met\u00e1fora: campos, l\u00edmites y analog\u00eda\", por el Prof. Dr. Tom\u00e1s Albaladejo - SE-RET. Sociedad Espa\u00f1ola de Ret\u00f3rica","og_url":"https:\/\/se-ret.org\/index.php\/2022\/09\/13\/seminario-metafora-campos-limites-y-analogia-por-el-prof-dr-tomas-albaladejo-2\/","og_site_name":"SE-RET. Sociedad Espa\u00f1ola de Ret\u00f3rica","article_published_time":"2022-09-13T16:58:30+00:00","article_modified_time":"2022-09-13T17:46:05+00:00","og_image":[{"width":1275,"height":1650,"url":"https:\/\/se-ret.org\/wp-content\/uploads\/2022\/09\/Poster-Info-Research-Seminar-21-Sept-2022-TA_page-0001-1.jpg","type":"image\/jpeg"}],"twitter_card":"summary_large_image","twitter_misc":{"Escrito por":"Secretar\u00eda SE-Ret","Tiempo de lectura":"1 minuto"},"schema":{"@context":"https:\/\/schema.org","@graph":[{"@type":"WebSite","@id":"https:\/\/se-ret.org\/#website","url":"https:\/\/se-ret.org\/","name":"SE-RET. Sociedad Espa\u00f1ola de Ret\u00f3rica","description":"","potentialAction":[{"@type":"SearchAction","target":{"@type":"EntryPoint","urlTemplate":"https:\/\/se-ret.org\/?s={search_term_string}"},"query-input":"required name=search_term_string"}],"inLanguage":"es"},{"@type":"ImageObject","@id":"https:\/\/se-ret.org\/index.php\/2022\/09\/13\/seminario-metafora-campos-limites-y-analogia-por-el-prof-dr-tomas-albaladejo-2\/#primaryimage","inLanguage":"es","url":"https:\/\/se-ret.org\/wp-content\/uploads\/2022\/09\/Poster-Info-Research-Seminar-21-Sept-2022-TA_page-0001-1.jpg","contentUrl":"https:\/\/se-ret.org\/wp-content\/uploads\/2022\/09\/Poster-Info-Research-Seminar-21-Sept-2022-TA_page-0001-1.jpg","width":1275,"height":1650},{"@type":"WebPage","@id":"https:\/\/se-ret.org\/index.php\/2022\/09\/13\/seminario-metafora-campos-limites-y-analogia-por-el-prof-dr-tomas-albaladejo-2\/#webpage","url":"https:\/\/se-ret.org\/index.php\/2022\/09\/13\/seminario-metafora-campos-limites-y-analogia-por-el-prof-dr-tomas-albaladejo-2\/","name":"Seminario \"Met\u00e1fora: campos, l\u00edmites y analog\u00eda\", por el Prof. Dr. Tom\u00e1s Albaladejo - SE-RET. Sociedad Espa\u00f1ola de Ret\u00f3rica","isPartOf":{"@id":"https:\/\/se-ret.org\/#website"},"primaryImageOfPage":{"@id":"https:\/\/se-ret.org\/index.php\/2022\/09\/13\/seminario-metafora-campos-limites-y-analogia-por-el-prof-dr-tomas-albaladejo-2\/#primaryimage"},"datePublished":"2022-09-13T16:58:30+00:00","dateModified":"2022-09-13T17:46:05+00:00","author":{"@id":"https:\/\/se-ret.org\/#\/schema\/person\/a75788006f9b0bd21acb5ac502d4c3a3"},"breadcrumb":{"@id":"https:\/\/se-ret.org\/index.php\/2022\/09\/13\/seminario-metafora-campos-limites-y-analogia-por-el-prof-dr-tomas-albaladejo-2\/#breadcrumb"},"inLanguage":"es","potentialAction":[{"@type":"ReadAction","target":["https:\/\/se-ret.org\/index.php\/2022\/09\/13\/seminario-metafora-campos-limites-y-analogia-por-el-prof-dr-tomas-albaladejo-2\/"]}]},{"@type":"BreadcrumbList","@id":"https:\/\/se-ret.org\/index.php\/2022\/09\/13\/seminario-metafora-campos-limites-y-analogia-por-el-prof-dr-tomas-albaladejo-2\/#breadcrumb","itemListElement":[{"@type":"ListItem","position":1,"name":"Portada","item":"https:\/\/se-ret.org\/index.php\/noticias\/"},{"@type":"ListItem","position":2,"name":"Seminario \u00abMet\u00e1fora: campos, l\u00edmites y analog\u00eda\u00bb, por el Prof. Dr. Tom\u00e1s Albaladejo"}]},{"@type":"Person","@id":"https:\/\/se-ret.org\/#\/schema\/person\/a75788006f9b0bd21acb5ac502d4c3a3","name":"Secretar\u00eda SE-Ret","url":"https:\/\/se-ret.org\/index.php\/author\/dahdelafuente\/"}]}},"_links":{"self":[{"href":"https:\/\/se-ret.org\/index.php\/wp-json\/wp\/v2\/posts\/670"}],"collection":[{"href":"https:\/\/se-ret.org\/index.php\/wp-json\/wp\/v2\/posts"}],"about":[{"href":"https:\/\/se-ret.org\/index.php\/wp-json\/wp\/v2\/types\/post"}],"author":[{"embeddable":true,"href":"https:\/\/se-ret.org\/index.php\/wp-json\/wp\/v2\/users\/2"}],"replies":[{"embeddable":true,"href":"https:\/\/se-ret.org\/index.php\/wp-json\/wp\/v2\/comments?post=670"}],"version-history":[{"count":10,"href":"https:\/\/se-ret.org\/index.php\/wp-json\/wp\/v2\/posts\/670\/revisions"}],"predecessor-version":[{"id":699,"href":"https:\/\/se-ret.org\/index.php\/wp-json\/wp\/v2\/posts\/670\/revisions\/699"}],"wp:featuredmedia":[{"embeddable":true,"href":"https:\/\/se-ret.org\/index.php\/wp-json\/wp\/v2\/media\/673"}],"wp:attachment":[{"href":"https:\/\/se-ret.org\/index.php\/wp-json\/wp\/v2\/media?parent=670"}],"wp:term":[{"taxonomy":"category","embeddable":true,"href":"https:\/\/se-ret.org\/index.php\/wp-json\/wp\/v2\/categories?post=670"},{"taxonomy":"post_tag","embeddable":true,"href":"https:\/\/se-ret.org\/index.php\/wp-json\/wp\/v2\/tags?post=670"}],"curies":[{"name":"wp","href":"https:\/\/api.w.org\/{rel}","templated":true}]}}