{"id":583,"date":"2022-07-04T17:31:22","date_gmt":"2022-07-04T15:31:22","guid":{"rendered":"https:\/\/se-ret.org\/?p=583"},"modified":"2022-07-04T17:31:24","modified_gmt":"2022-07-04T15:31:24","slug":"seminario-internacional-la-ensenanza-retorica-en-el-humanismo","status":"publish","type":"post","link":"https:\/\/se-ret.org\/index.php\/2022\/07\/04\/seminario-internacional-la-ensenanza-retorica-en-el-humanismo\/","title":{"rendered":"Seminario Internacional \u00abLa ense\u00f1anza Ret\u00f3rica en el Humanismo\u00bb"},"content":{"rendered":"\n<p>El Seminario internacional \u00abLa ense\u00f1anza ret\u00f3rica en el humanismo: de los manuales a la pr\u00e1ctica en el aula\u201d (Universidad de Las Palmas de Gran Canaria, Espa\u00f1a, 26-29 octubre 2022) est\u00e1 convocado por el Proyecto <em>Los progymnasmata en los Colegios europeos (XVI-XVII): de los manuales a la practica en el aula<\/em> (PID2019-103848GB- I00), financiado por el Plan estatal de I+D+i del Ministerio de Ciencia e Innovaci\u00f3n del Gobierno de Espa\u00f1a y organizado por el Instituto Universitario de An\u00e1lisis y Aplicaciones Textuales de la Universidad de Las Palmas de Gran Canaria. El Seminario tiene el objetivo de reunir tanto a investigadores que desarrollan su trabajo sobre traducciones, comentarios, ejercicios y autores que reutilizaron y reescribieron los <em>progymnasmata<\/em> griegos en la educaci\u00f3n, as\u00ed como a estudiosos de la tradici\u00f3n ret\u00f3rica de los siglos durante los siglos XVI y XVII. Asimismo, pretende generar un espacio de colaboraci\u00f3n cient\u00edfica en el que los participantes puedan compartir sus investigaciones, en este \u00e1mbito, as\u00ed como los resultados de esta investigaci\u00f3n en formatos digitales (bases de datos, cat\u00e1logos digitales, motores de b\u00fasqueda, ediciones digitales, apps, etc.). M\u00e1s informaci\u00f3n e inscripci\u00f3n en el documento adjunto.<\/p>\n\n\n\n<p><\/p>\n\n\n\n<div class=\"wp-block-file\"><object class=\"wp-block-file__embed\" data=\"https:\/\/se-ret.org\/wp-content\/uploads\/2022\/07\/Circular-Call-for-papers.pdf\" type=\"application\/pdf\" style=\"width:100%;height:600px\" aria-label=\"Incrustado de Circular-Call-for-papers.\"><\/object><a id=\"wp-block-file--media-3a3cb4b1-f188-424b-ae24-722307345e67\" href=\"https:\/\/se-ret.org\/wp-content\/uploads\/2022\/07\/Circular-Call-for-papers.pdf\">Circular-Call-for-papers<\/a><a href=\"https:\/\/se-ret.org\/wp-content\/uploads\/2022\/07\/Circular-Call-for-papers.pdf\" class=\"wp-block-file__button\" download aria-describedby=\"wp-block-file--media-3a3cb4b1-f188-424b-ae24-722307345e67\">Descarga<\/a><\/div>\n","protected":false},"excerpt":{"rendered":"<p>El Seminario internacional \u00abLa ense\u00f1anza ret\u00f3rica en el humanismo: de los manuales a la pr\u00e1ctica en el aula\u201d (Universidad de Las Palmas de Gran Canaria, Espa\u00f1a, 26-29 octubre 2022) est\u00e1 convocado por el Proyecto Los progymnasmata en los Colegios europeos (XVI-XVII): de los manuales a la practica en el aula (PID2019-103848GB- I00), financiado por el [&hellip;]<\/p>\n","protected":false},"author":2,"featured_media":584,"comment_status":"closed","ping_status":"closed","sticky":false,"template":"","format":"standard","meta":[],"categories":[14],"tags":[],"yoast_head":"<!-- This site is optimized with the Yoast SEO plugin v18.6 - https:\/\/yoast.com\/wordpress\/plugins\/seo\/ -->\n<title>Seminario Internacional &quot;La ense\u00f1anza Ret\u00f3rica en el Humanismo&quot; - SE-RET. Sociedad Espa\u00f1ola de Ret\u00f3rica<\/title>\n<meta name=\"robots\" content=\"index, follow, max-snippet:-1, max-image-preview:large, max-video-preview:-1\" \/>\n<link rel=\"canonical\" href=\"https:\/\/se-ret.org\/index.php\/2022\/07\/04\/seminario-internacional-la-ensenanza-retorica-en-el-humanismo\/\" \/>\n<meta property=\"og:locale\" content=\"es_ES\" \/>\n<meta property=\"og:type\" content=\"article\" \/>\n<meta property=\"og:title\" content=\"Seminario Internacional &quot;La ense\u00f1anza Ret\u00f3rica en el Humanismo&quot; - SE-RET. Sociedad Espa\u00f1ola de Ret\u00f3rica\" \/>\n<meta property=\"og:description\" content=\"El Seminario internacional \u00abLa ense\u00f1anza ret\u00f3rica en el humanismo: de los manuales a la pr\u00e1ctica en el aula\u201d (Universidad de Las Palmas de Gran Canaria, Espa\u00f1a, 26-29 octubre 2022) est\u00e1 convocado por el Proyecto Los progymnasmata en los Colegios europeos (XVI-XVII): de los manuales a la practica en el aula (PID2019-103848GB- I00), financiado por el [&hellip;]\" \/>\n<meta property=\"og:url\" content=\"https:\/\/se-ret.org\/index.php\/2022\/07\/04\/seminario-internacional-la-ensenanza-retorica-en-el-humanismo\/\" \/>\n<meta property=\"og:site_name\" content=\"SE-RET. Sociedad Espa\u00f1ola de Ret\u00f3rica\" \/>\n<meta property=\"article:published_time\" content=\"2022-07-04T15:31:22+00:00\" \/>\n<meta property=\"article:modified_time\" content=\"2022-07-04T15:31:24+00:00\" \/>\n<meta property=\"og:image\" content=\"https:\/\/se-ret.org\/wp-content\/uploads\/2022\/07\/logo.png\" \/>\n\t<meta property=\"og:image:width\" content=\"305\" \/>\n\t<meta property=\"og:image:height\" content=\"95\" \/>\n\t<meta property=\"og:image:type\" content=\"image\/png\" \/>\n<meta name=\"twitter:card\" content=\"summary_large_image\" \/>\n<meta name=\"twitter:label1\" content=\"Escrito por\" \/>\n\t<meta name=\"twitter:data1\" content=\"Secretar\u00eda SE-Ret\" \/>\n\t<meta name=\"twitter:label2\" content=\"Tiempo de lectura\" \/>\n\t<meta name=\"twitter:data2\" content=\"1 minuto\" \/>\n<script type=\"application\/ld+json\" class=\"yoast-schema-graph\">{\"@context\":\"https:\/\/schema.org\",\"@graph\":[{\"@type\":\"WebSite\",\"@id\":\"https:\/\/se-ret.org\/#website\",\"url\":\"https:\/\/se-ret.org\/\",\"name\":\"SE-RET. Sociedad Espa\u00f1ola de Ret\u00f3rica\",\"description\":\"\",\"potentialAction\":[{\"@type\":\"SearchAction\",\"target\":{\"@type\":\"EntryPoint\",\"urlTemplate\":\"https:\/\/se-ret.org\/?s={search_term_string}\"},\"query-input\":\"required name=search_term_string\"}],\"inLanguage\":\"es\"},{\"@type\":\"ImageObject\",\"@id\":\"https:\/\/se-ret.org\/index.php\/2022\/07\/04\/seminario-internacional-la-ensenanza-retorica-en-el-humanismo\/#primaryimage\",\"inLanguage\":\"es\",\"url\":\"https:\/\/se-ret.org\/wp-content\/uploads\/2022\/07\/logo.png\",\"contentUrl\":\"https:\/\/se-ret.org\/wp-content\/uploads\/2022\/07\/logo.png\",\"width\":305,\"height\":95},{\"@type\":\"WebPage\",\"@id\":\"https:\/\/se-ret.org\/index.php\/2022\/07\/04\/seminario-internacional-la-ensenanza-retorica-en-el-humanismo\/#webpage\",\"url\":\"https:\/\/se-ret.org\/index.php\/2022\/07\/04\/seminario-internacional-la-ensenanza-retorica-en-el-humanismo\/\",\"name\":\"Seminario Internacional \\\"La ense\u00f1anza Ret\u00f3rica en el Humanismo\\\" - SE-RET. Sociedad Espa\u00f1ola de Ret\u00f3rica\",\"isPartOf\":{\"@id\":\"https:\/\/se-ret.org\/#website\"},\"primaryImageOfPage\":{\"@id\":\"https:\/\/se-ret.org\/index.php\/2022\/07\/04\/seminario-internacional-la-ensenanza-retorica-en-el-humanismo\/#primaryimage\"},\"datePublished\":\"2022-07-04T15:31:22+00:00\",\"dateModified\":\"2022-07-04T15:31:24+00:00\",\"author\":{\"@id\":\"https:\/\/se-ret.org\/#\/schema\/person\/a75788006f9b0bd21acb5ac502d4c3a3\"},\"breadcrumb\":{\"@id\":\"https:\/\/se-ret.org\/index.php\/2022\/07\/04\/seminario-internacional-la-ensenanza-retorica-en-el-humanismo\/#breadcrumb\"},\"inLanguage\":\"es\",\"potentialAction\":[{\"@type\":\"ReadAction\",\"target\":[\"https:\/\/se-ret.org\/index.php\/2022\/07\/04\/seminario-internacional-la-ensenanza-retorica-en-el-humanismo\/\"]}]},{\"@type\":\"BreadcrumbList\",\"@id\":\"https:\/\/se-ret.org\/index.php\/2022\/07\/04\/seminario-internacional-la-ensenanza-retorica-en-el-humanismo\/#breadcrumb\",\"itemListElement\":[{\"@type\":\"ListItem\",\"position\":1,\"name\":\"Portada\",\"item\":\"https:\/\/se-ret.org\/index.php\/noticias\/\"},{\"@type\":\"ListItem\",\"position\":2,\"name\":\"Seminario Internacional \u00abLa ense\u00f1anza Ret\u00f3rica en el Humanismo\u00bb\"}]},{\"@type\":\"Person\",\"@id\":\"https:\/\/se-ret.org\/#\/schema\/person\/a75788006f9b0bd21acb5ac502d4c3a3\",\"name\":\"Secretar\u00eda SE-Ret\",\"url\":\"https:\/\/se-ret.org\/index.php\/author\/dahdelafuente\/\"}]}<\/script>\n<!-- \/ Yoast SEO plugin. -->","yoast_head_json":{"title":"Seminario Internacional \"La ense\u00f1anza Ret\u00f3rica en el Humanismo\" - SE-RET. Sociedad Espa\u00f1ola de Ret\u00f3rica","robots":{"index":"index","follow":"follow","max-snippet":"max-snippet:-1","max-image-preview":"max-image-preview:large","max-video-preview":"max-video-preview:-1"},"canonical":"https:\/\/se-ret.org\/index.php\/2022\/07\/04\/seminario-internacional-la-ensenanza-retorica-en-el-humanismo\/","og_locale":"es_ES","og_type":"article","og_title":"Seminario Internacional \"La ense\u00f1anza Ret\u00f3rica en el Humanismo\" - SE-RET. Sociedad Espa\u00f1ola de Ret\u00f3rica","og_description":"El Seminario internacional \u00abLa ense\u00f1anza ret\u00f3rica en el humanismo: de los manuales a la pr\u00e1ctica en el aula\u201d (Universidad de Las Palmas de Gran Canaria, Espa\u00f1a, 26-29 octubre 2022) est\u00e1 convocado por el Proyecto Los progymnasmata en los Colegios europeos (XVI-XVII): de los manuales a la practica en el aula (PID2019-103848GB- I00), financiado por el [&hellip;]","og_url":"https:\/\/se-ret.org\/index.php\/2022\/07\/04\/seminario-internacional-la-ensenanza-retorica-en-el-humanismo\/","og_site_name":"SE-RET. Sociedad Espa\u00f1ola de Ret\u00f3rica","article_published_time":"2022-07-04T15:31:22+00:00","article_modified_time":"2022-07-04T15:31:24+00:00","og_image":[{"width":305,"height":95,"url":"https:\/\/se-ret.org\/wp-content\/uploads\/2022\/07\/logo.png","type":"image\/png"}],"twitter_card":"summary_large_image","twitter_misc":{"Escrito por":"Secretar\u00eda SE-Ret","Tiempo de lectura":"1 minuto"},"schema":{"@context":"https:\/\/schema.org","@graph":[{"@type":"WebSite","@id":"https:\/\/se-ret.org\/#website","url":"https:\/\/se-ret.org\/","name":"SE-RET. Sociedad Espa\u00f1ola de Ret\u00f3rica","description":"","potentialAction":[{"@type":"SearchAction","target":{"@type":"EntryPoint","urlTemplate":"https:\/\/se-ret.org\/?s={search_term_string}"},"query-input":"required name=search_term_string"}],"inLanguage":"es"},{"@type":"ImageObject","@id":"https:\/\/se-ret.org\/index.php\/2022\/07\/04\/seminario-internacional-la-ensenanza-retorica-en-el-humanismo\/#primaryimage","inLanguage":"es","url":"https:\/\/se-ret.org\/wp-content\/uploads\/2022\/07\/logo.png","contentUrl":"https:\/\/se-ret.org\/wp-content\/uploads\/2022\/07\/logo.png","width":305,"height":95},{"@type":"WebPage","@id":"https:\/\/se-ret.org\/index.php\/2022\/07\/04\/seminario-internacional-la-ensenanza-retorica-en-el-humanismo\/#webpage","url":"https:\/\/se-ret.org\/index.php\/2022\/07\/04\/seminario-internacional-la-ensenanza-retorica-en-el-humanismo\/","name":"Seminario Internacional \"La ense\u00f1anza Ret\u00f3rica en el Humanismo\" - SE-RET. Sociedad Espa\u00f1ola de Ret\u00f3rica","isPartOf":{"@id":"https:\/\/se-ret.org\/#website"},"primaryImageOfPage":{"@id":"https:\/\/se-ret.org\/index.php\/2022\/07\/04\/seminario-internacional-la-ensenanza-retorica-en-el-humanismo\/#primaryimage"},"datePublished":"2022-07-04T15:31:22+00:00","dateModified":"2022-07-04T15:31:24+00:00","author":{"@id":"https:\/\/se-ret.org\/#\/schema\/person\/a75788006f9b0bd21acb5ac502d4c3a3"},"breadcrumb":{"@id":"https:\/\/se-ret.org\/index.php\/2022\/07\/04\/seminario-internacional-la-ensenanza-retorica-en-el-humanismo\/#breadcrumb"},"inLanguage":"es","potentialAction":[{"@type":"ReadAction","target":["https:\/\/se-ret.org\/index.php\/2022\/07\/04\/seminario-internacional-la-ensenanza-retorica-en-el-humanismo\/"]}]},{"@type":"BreadcrumbList","@id":"https:\/\/se-ret.org\/index.php\/2022\/07\/04\/seminario-internacional-la-ensenanza-retorica-en-el-humanismo\/#breadcrumb","itemListElement":[{"@type":"ListItem","position":1,"name":"Portada","item":"https:\/\/se-ret.org\/index.php\/noticias\/"},{"@type":"ListItem","position":2,"name":"Seminario Internacional \u00abLa ense\u00f1anza Ret\u00f3rica en el Humanismo\u00bb"}]},{"@type":"Person","@id":"https:\/\/se-ret.org\/#\/schema\/person\/a75788006f9b0bd21acb5ac502d4c3a3","name":"Secretar\u00eda SE-Ret","url":"https:\/\/se-ret.org\/index.php\/author\/dahdelafuente\/"}]}},"_links":{"self":[{"href":"https:\/\/se-ret.org\/index.php\/wp-json\/wp\/v2\/posts\/583"}],"collection":[{"href":"https:\/\/se-ret.org\/index.php\/wp-json\/wp\/v2\/posts"}],"about":[{"href":"https:\/\/se-ret.org\/index.php\/wp-json\/wp\/v2\/types\/post"}],"author":[{"embeddable":true,"href":"https:\/\/se-ret.org\/index.php\/wp-json\/wp\/v2\/users\/2"}],"replies":[{"embeddable":true,"href":"https:\/\/se-ret.org\/index.php\/wp-json\/wp\/v2\/comments?post=583"}],"version-history":[{"count":1,"href":"https:\/\/se-ret.org\/index.php\/wp-json\/wp\/v2\/posts\/583\/revisions"}],"predecessor-version":[{"id":586,"href":"https:\/\/se-ret.org\/index.php\/wp-json\/wp\/v2\/posts\/583\/revisions\/586"}],"wp:featuredmedia":[{"embeddable":true,"href":"https:\/\/se-ret.org\/index.php\/wp-json\/wp\/v2\/media\/584"}],"wp:attachment":[{"href":"https:\/\/se-ret.org\/index.php\/wp-json\/wp\/v2\/media?parent=583"}],"wp:term":[{"taxonomy":"category","embeddable":true,"href":"https:\/\/se-ret.org\/index.php\/wp-json\/wp\/v2\/categories?post=583"},{"taxonomy":"post_tag","embeddable":true,"href":"https:\/\/se-ret.org\/index.php\/wp-json\/wp\/v2\/tags?post=583"}],"curies":[{"name":"wp","href":"https:\/\/api.w.org\/{rel}","templated":true}]}}