{"id":293,"date":"2022-01-05T10:31:35","date_gmt":"2022-01-05T10:31:35","guid":{"rendered":"https:\/\/se-ret.org\/?p=293"},"modified":"2022-01-05T10:31:43","modified_gmt":"2022-01-05T10:31:43","slug":"fallecimiento-del-prof-james-j-murphy","status":"publish","type":"post","link":"https:\/\/se-ret.org\/index.php\/2022\/01\/05\/fallecimiento-del-prof-james-j-murphy\/","title":{"rendered":"Fallecimiento del Prof. James J. Murphy"},"content":{"rendered":"\n<p><\/p>\n\n\n\n<p>Con gran pesar comunicamos que el pasado 24 de diciembre falleci\u00f3, a la edad de 98 a\u00f1os, el Prof. Dr. James J. Murphy, autor de importantes trabajos de investigaci\u00f3n dedicados a la historia de la Ret\u00f3rica. V\u00e9ase la <a href=\"https:\/\/associationdatabase.com\/aws\/ISHR\/pt\/sd\/news_article\/412725\/_PARENT\/OLD_layout_details\/true\">noticia <\/a>en la web de la International Society for the History of Rhetoric (ISHR).<\/p>\n","protected":false},"excerpt":{"rendered":"<p>Con gran pesar comunicamos que el pasado 24 de diciembre falleci\u00f3, a la edad de 98 a\u00f1os, el Prof. Dr. James J. Murphy, autor de importantes trabajos de investigaci\u00f3n dedicados a la historia de la Ret\u00f3rica. V\u00e9ase la noticia en la web de la International Society for the History of Rhetoric (ISHR).<\/p>\n","protected":false},"author":2,"featured_media":294,"comment_status":"closed","ping_status":"closed","sticky":false,"template":"","format":"standard","meta":[],"categories":[1],"tags":[],"yoast_head":"<!-- This site is optimized with the Yoast SEO plugin v18.6 - https:\/\/yoast.com\/wordpress\/plugins\/seo\/ -->\n<title>Fallecimiento del Prof. James J. Murphy - SE-RET. Sociedad Espa\u00f1ola de Ret\u00f3rica<\/title>\n<meta name=\"robots\" content=\"index, follow, max-snippet:-1, max-image-preview:large, max-video-preview:-1\" \/>\n<link rel=\"canonical\" href=\"https:\/\/se-ret.org\/index.php\/2022\/01\/05\/fallecimiento-del-prof-james-j-murphy\/\" \/>\n<meta property=\"og:locale\" content=\"es_ES\" \/>\n<meta property=\"og:type\" content=\"article\" \/>\n<meta property=\"og:title\" content=\"Fallecimiento del Prof. James J. Murphy - SE-RET. Sociedad Espa\u00f1ola de Ret\u00f3rica\" \/>\n<meta property=\"og:description\" content=\"Con gran pesar comunicamos que el pasado 24 de diciembre falleci\u00f3, a la edad de 98 a\u00f1os, el Prof. Dr. James J. Murphy, autor de importantes trabajos de investigaci\u00f3n dedicados a la historia de la Ret\u00f3rica. V\u00e9ase la noticia en la web de la International Society for the History of Rhetoric (ISHR).\" \/>\n<meta property=\"og:url\" content=\"https:\/\/se-ret.org\/index.php\/2022\/01\/05\/fallecimiento-del-prof-james-j-murphy\/\" \/>\n<meta property=\"og:site_name\" content=\"SE-RET. Sociedad Espa\u00f1ola de Ret\u00f3rica\" \/>\n<meta property=\"article:published_time\" content=\"2022-01-05T10:31:35+00:00\" \/>\n<meta property=\"article:modified_time\" content=\"2022-01-05T10:31:43+00:00\" \/>\n<meta property=\"og:image\" content=\"https:\/\/se-ret.org\/wp-content\/uploads\/2022\/01\/bg1.png\" \/>\n\t<meta property=\"og:image:width\" content=\"612\" \/>\n\t<meta property=\"og:image:height\" content=\"992\" \/>\n\t<meta property=\"og:image:type\" content=\"image\/png\" \/>\n<meta name=\"twitter:card\" content=\"summary_large_image\" \/>\n<meta name=\"twitter:label1\" content=\"Escrito por\" \/>\n\t<meta name=\"twitter:data1\" content=\"Secretar\u00eda SE-Ret\" \/>\n<script type=\"application\/ld+json\" class=\"yoast-schema-graph\">{\"@context\":\"https:\/\/schema.org\",\"@graph\":[{\"@type\":\"WebSite\",\"@id\":\"https:\/\/se-ret.org\/#website\",\"url\":\"https:\/\/se-ret.org\/\",\"name\":\"SE-RET. Sociedad Espa\u00f1ola de Ret\u00f3rica\",\"description\":\"\",\"potentialAction\":[{\"@type\":\"SearchAction\",\"target\":{\"@type\":\"EntryPoint\",\"urlTemplate\":\"https:\/\/se-ret.org\/?s={search_term_string}\"},\"query-input\":\"required name=search_term_string\"}],\"inLanguage\":\"es\"},{\"@type\":\"ImageObject\",\"@id\":\"https:\/\/se-ret.org\/index.php\/2022\/01\/05\/fallecimiento-del-prof-james-j-murphy\/#primaryimage\",\"inLanguage\":\"es\",\"url\":\"https:\/\/se-ret.org\/wp-content\/uploads\/2022\/01\/bg1.png\",\"contentUrl\":\"https:\/\/se-ret.org\/wp-content\/uploads\/2022\/01\/bg1.png\",\"width\":612,\"height\":992},{\"@type\":\"WebPage\",\"@id\":\"https:\/\/se-ret.org\/index.php\/2022\/01\/05\/fallecimiento-del-prof-james-j-murphy\/#webpage\",\"url\":\"https:\/\/se-ret.org\/index.php\/2022\/01\/05\/fallecimiento-del-prof-james-j-murphy\/\",\"name\":\"Fallecimiento del Prof. James J. Murphy - SE-RET. Sociedad Espa\u00f1ola de Ret\u00f3rica\",\"isPartOf\":{\"@id\":\"https:\/\/se-ret.org\/#website\"},\"primaryImageOfPage\":{\"@id\":\"https:\/\/se-ret.org\/index.php\/2022\/01\/05\/fallecimiento-del-prof-james-j-murphy\/#primaryimage\"},\"datePublished\":\"2022-01-05T10:31:35+00:00\",\"dateModified\":\"2022-01-05T10:31:43+00:00\",\"author\":{\"@id\":\"https:\/\/se-ret.org\/#\/schema\/person\/a75788006f9b0bd21acb5ac502d4c3a3\"},\"breadcrumb\":{\"@id\":\"https:\/\/se-ret.org\/index.php\/2022\/01\/05\/fallecimiento-del-prof-james-j-murphy\/#breadcrumb\"},\"inLanguage\":\"es\",\"potentialAction\":[{\"@type\":\"ReadAction\",\"target\":[\"https:\/\/se-ret.org\/index.php\/2022\/01\/05\/fallecimiento-del-prof-james-j-murphy\/\"]}]},{\"@type\":\"BreadcrumbList\",\"@id\":\"https:\/\/se-ret.org\/index.php\/2022\/01\/05\/fallecimiento-del-prof-james-j-murphy\/#breadcrumb\",\"itemListElement\":[{\"@type\":\"ListItem\",\"position\":1,\"name\":\"Portada\",\"item\":\"https:\/\/se-ret.org\/index.php\/noticias\/\"},{\"@type\":\"ListItem\",\"position\":2,\"name\":\"Fallecimiento del Prof. James J. Murphy\"}]},{\"@type\":\"Person\",\"@id\":\"https:\/\/se-ret.org\/#\/schema\/person\/a75788006f9b0bd21acb5ac502d4c3a3\",\"name\":\"Secretar\u00eda SE-Ret\",\"url\":\"https:\/\/se-ret.org\/index.php\/author\/dahdelafuente\/\"}]}<\/script>\n<!-- \/ Yoast SEO plugin. -->","yoast_head_json":{"title":"Fallecimiento del Prof. James J. Murphy - SE-RET. Sociedad Espa\u00f1ola de Ret\u00f3rica","robots":{"index":"index","follow":"follow","max-snippet":"max-snippet:-1","max-image-preview":"max-image-preview:large","max-video-preview":"max-video-preview:-1"},"canonical":"https:\/\/se-ret.org\/index.php\/2022\/01\/05\/fallecimiento-del-prof-james-j-murphy\/","og_locale":"es_ES","og_type":"article","og_title":"Fallecimiento del Prof. James J. Murphy - SE-RET. Sociedad Espa\u00f1ola de Ret\u00f3rica","og_description":"Con gran pesar comunicamos que el pasado 24 de diciembre falleci\u00f3, a la edad de 98 a\u00f1os, el Prof. Dr. James J. Murphy, autor de importantes trabajos de investigaci\u00f3n dedicados a la historia de la Ret\u00f3rica. V\u00e9ase la noticia en la web de la International Society for the History of Rhetoric (ISHR).","og_url":"https:\/\/se-ret.org\/index.php\/2022\/01\/05\/fallecimiento-del-prof-james-j-murphy\/","og_site_name":"SE-RET. Sociedad Espa\u00f1ola de Ret\u00f3rica","article_published_time":"2022-01-05T10:31:35+00:00","article_modified_time":"2022-01-05T10:31:43+00:00","og_image":[{"width":612,"height":992,"url":"https:\/\/se-ret.org\/wp-content\/uploads\/2022\/01\/bg1.png","type":"image\/png"}],"twitter_card":"summary_large_image","twitter_misc":{"Escrito por":"Secretar\u00eda SE-Ret"},"schema":{"@context":"https:\/\/schema.org","@graph":[{"@type":"WebSite","@id":"https:\/\/se-ret.org\/#website","url":"https:\/\/se-ret.org\/","name":"SE-RET. Sociedad Espa\u00f1ola de Ret\u00f3rica","description":"","potentialAction":[{"@type":"SearchAction","target":{"@type":"EntryPoint","urlTemplate":"https:\/\/se-ret.org\/?s={search_term_string}"},"query-input":"required name=search_term_string"}],"inLanguage":"es"},{"@type":"ImageObject","@id":"https:\/\/se-ret.org\/index.php\/2022\/01\/05\/fallecimiento-del-prof-james-j-murphy\/#primaryimage","inLanguage":"es","url":"https:\/\/se-ret.org\/wp-content\/uploads\/2022\/01\/bg1.png","contentUrl":"https:\/\/se-ret.org\/wp-content\/uploads\/2022\/01\/bg1.png","width":612,"height":992},{"@type":"WebPage","@id":"https:\/\/se-ret.org\/index.php\/2022\/01\/05\/fallecimiento-del-prof-james-j-murphy\/#webpage","url":"https:\/\/se-ret.org\/index.php\/2022\/01\/05\/fallecimiento-del-prof-james-j-murphy\/","name":"Fallecimiento del Prof. James J. Murphy - SE-RET. Sociedad Espa\u00f1ola de Ret\u00f3rica","isPartOf":{"@id":"https:\/\/se-ret.org\/#website"},"primaryImageOfPage":{"@id":"https:\/\/se-ret.org\/index.php\/2022\/01\/05\/fallecimiento-del-prof-james-j-murphy\/#primaryimage"},"datePublished":"2022-01-05T10:31:35+00:00","dateModified":"2022-01-05T10:31:43+00:00","author":{"@id":"https:\/\/se-ret.org\/#\/schema\/person\/a75788006f9b0bd21acb5ac502d4c3a3"},"breadcrumb":{"@id":"https:\/\/se-ret.org\/index.php\/2022\/01\/05\/fallecimiento-del-prof-james-j-murphy\/#breadcrumb"},"inLanguage":"es","potentialAction":[{"@type":"ReadAction","target":["https:\/\/se-ret.org\/index.php\/2022\/01\/05\/fallecimiento-del-prof-james-j-murphy\/"]}]},{"@type":"BreadcrumbList","@id":"https:\/\/se-ret.org\/index.php\/2022\/01\/05\/fallecimiento-del-prof-james-j-murphy\/#breadcrumb","itemListElement":[{"@type":"ListItem","position":1,"name":"Portada","item":"https:\/\/se-ret.org\/index.php\/noticias\/"},{"@type":"ListItem","position":2,"name":"Fallecimiento del Prof. James J. Murphy"}]},{"@type":"Person","@id":"https:\/\/se-ret.org\/#\/schema\/person\/a75788006f9b0bd21acb5ac502d4c3a3","name":"Secretar\u00eda SE-Ret","url":"https:\/\/se-ret.org\/index.php\/author\/dahdelafuente\/"}]}},"_links":{"self":[{"href":"https:\/\/se-ret.org\/index.php\/wp-json\/wp\/v2\/posts\/293"}],"collection":[{"href":"https:\/\/se-ret.org\/index.php\/wp-json\/wp\/v2\/posts"}],"about":[{"href":"https:\/\/se-ret.org\/index.php\/wp-json\/wp\/v2\/types\/post"}],"author":[{"embeddable":true,"href":"https:\/\/se-ret.org\/index.php\/wp-json\/wp\/v2\/users\/2"}],"replies":[{"embeddable":true,"href":"https:\/\/se-ret.org\/index.php\/wp-json\/wp\/v2\/comments?post=293"}],"version-history":[{"count":1,"href":"https:\/\/se-ret.org\/index.php\/wp-json\/wp\/v2\/posts\/293\/revisions"}],"predecessor-version":[{"id":295,"href":"https:\/\/se-ret.org\/index.php\/wp-json\/wp\/v2\/posts\/293\/revisions\/295"}],"wp:featuredmedia":[{"embeddable":true,"href":"https:\/\/se-ret.org\/index.php\/wp-json\/wp\/v2\/media\/294"}],"wp:attachment":[{"href":"https:\/\/se-ret.org\/index.php\/wp-json\/wp\/v2\/media?parent=293"}],"wp:term":[{"taxonomy":"category","embeddable":true,"href":"https:\/\/se-ret.org\/index.php\/wp-json\/wp\/v2\/categories?post=293"},{"taxonomy":"post_tag","embeddable":true,"href":"https:\/\/se-ret.org\/index.php\/wp-json\/wp\/v2\/tags?post=293"}],"curies":[{"name":"wp","href":"https:\/\/api.w.org\/{rel}","templated":true}]}}