{"id":263,"date":"2021-09-26T15:04:48","date_gmt":"2021-09-26T15:04:48","guid":{"rendered":"https:\/\/se-ret.org\/?p=263"},"modified":"2021-09-26T15:04:53","modified_gmt":"2021-09-26T15:04:53","slug":"nueva-junta-directiva-de-la-se-ret","status":"publish","type":"post","link":"https:\/\/se-ret.org\/index.php\/2021\/09\/26\/nueva-junta-directiva-de-la-se-ret\/","title":{"rendered":"Nueva Junta Directiva de la SE-Ret"},"content":{"rendered":"\n<p>La Asamblea Ordinaria y Extraordinaria de la SE-Ret tuvo lugar el 24 de septiembre de 2021 en la Sala de Juntas de la Facultad de Filolog\u00eda de la Universidad Complutense, en formato h\u00edbrido (presencial y telem\u00e1tica simult\u00e1neamente). El resultado m\u00e1s destacado de la asamblea, adem\u00e1s de la rendici\u00b4\u00f3n de cuentas del periodo constituyente, fue la elecci\u00f3n de la nueva junta directiva. Se confirm\u00f3 la junta constituyente con la siguiente composici\u00f3n:<br>\u2022 Presidente: Juan Lorenzo Lorenzo<br>\u2022 Vicepresidente: Francisco Chico Rico<br>\u2022 Secretario: David Hern\u00e1ndez de la Fuente<br>\u2022 Vicesecretario: Ignacio Paj\u00f3n Leyra<br>\u2022 Tesorero: Antonio M. Seoane Pardo<br>\u2022 Vocal 1 \u00ba: Violeta P\u00e9rez Custodio<br>\u2022 Vocal 2\u00b0: Jes\u00fas M\u00aa Gonz\u00e1lez Garc\u00eda<br>\u2022 Vocal 3\u00b0: Manuel L\u00f3pez Mu\u00f1oz<br>\u2022 Vocal 4\u00b0: Covadonga L\u00f3pez Alonso<br>\u2022 Vocal 5\u00b0: Luc\u00eda D\u00edaz Marroqu\u00edn<br>La nueva junta present\u00f3 las actividades futuras de la sociedad, incluyendo congresos, jornadas y ciclos de conferencias, la pr\u00f3xima publicaci\u00f3n de la <em>Revista Espa\u00f1ola de Ret\u00f3rica<\/em>, y la renovaci\u00f3n de la p\u00e1gina y redes sociales de la sociedad,  animando a los socios a presentar propuestas para nuevas l\u00edneas de trabajo<\/p>\n\n\n\n<p><\/p>\n","protected":false},"excerpt":{"rendered":"<p>La Asamblea Ordinaria y Extraordinaria de la SE-Ret tuvo lugar el 24 de septiembre de 2021 en la Sala de Juntas de la Facultad de Filolog\u00eda de la Universidad Complutense, en formato h\u00edbrido (presencial y telem\u00e1tica simult\u00e1neamente). El resultado m\u00e1s destacado de la asamblea, adem\u00e1s de la rendici\u00b4\u00f3n de cuentas del periodo constituyente, fue la [&hellip;]<\/p>\n","protected":false},"author":2,"featured_media":264,"comment_status":"closed","ping_status":"closed","sticky":false,"template":"","format":"standard","meta":[],"categories":[1],"tags":[],"yoast_head":"<!-- This site is optimized with the Yoast SEO plugin v18.6 - https:\/\/yoast.com\/wordpress\/plugins\/seo\/ -->\n<title>Nueva Junta Directiva de la SE-Ret - SE-RET. Sociedad Espa\u00f1ola de Ret\u00f3rica<\/title>\n<meta name=\"robots\" content=\"index, follow, max-snippet:-1, max-image-preview:large, max-video-preview:-1\" \/>\n<link rel=\"canonical\" href=\"https:\/\/se-ret.org\/index.php\/2021\/09\/26\/nueva-junta-directiva-de-la-se-ret\/\" \/>\n<meta property=\"og:locale\" content=\"es_ES\" \/>\n<meta property=\"og:type\" content=\"article\" \/>\n<meta property=\"og:title\" content=\"Nueva Junta Directiva de la SE-Ret - SE-RET. Sociedad Espa\u00f1ola de Ret\u00f3rica\" \/>\n<meta property=\"og:description\" content=\"La Asamblea Ordinaria y Extraordinaria de la SE-Ret tuvo lugar el 24 de septiembre de 2021 en la Sala de Juntas de la Facultad de Filolog\u00eda de la Universidad Complutense, en formato h\u00edbrido (presencial y telem\u00e1tica simult\u00e1neamente). El resultado m\u00e1s destacado de la asamblea, adem\u00e1s de la rendici\u00b4\u00f3n de cuentas del periodo constituyente, fue la [&hellip;]\" \/>\n<meta property=\"og:url\" content=\"https:\/\/se-ret.org\/index.php\/2021\/09\/26\/nueva-junta-directiva-de-la-se-ret\/\" \/>\n<meta property=\"og:site_name\" content=\"SE-RET. Sociedad Espa\u00f1ola de Ret\u00f3rica\" \/>\n<meta property=\"article:published_time\" content=\"2021-09-26T15:04:48+00:00\" \/>\n<meta property=\"article:modified_time\" content=\"2021-09-26T15:04:53+00:00\" \/>\n<meta property=\"og:image\" content=\"https:\/\/se-ret.org\/wp-content\/uploads\/2021\/09\/WhatsApp-Image-2021-09-24-at-15.24.04.jpeg\" \/>\n\t<meta property=\"og:image:width\" content=\"2000\" \/>\n\t<meta property=\"og:image:height\" content=\"1008\" \/>\n\t<meta property=\"og:image:type\" content=\"image\/jpeg\" \/>\n<meta name=\"twitter:card\" content=\"summary_large_image\" \/>\n<meta name=\"twitter:label1\" content=\"Escrito por\" \/>\n\t<meta name=\"twitter:data1\" content=\"Secretar\u00eda SE-Ret\" \/>\n\t<meta name=\"twitter:label2\" content=\"Tiempo de lectura\" \/>\n\t<meta name=\"twitter:data2\" content=\"1 minuto\" \/>\n<script type=\"application\/ld+json\" class=\"yoast-schema-graph\">{\"@context\":\"https:\/\/schema.org\",\"@graph\":[{\"@type\":\"WebSite\",\"@id\":\"https:\/\/se-ret.org\/#website\",\"url\":\"https:\/\/se-ret.org\/\",\"name\":\"SE-RET. Sociedad Espa\u00f1ola de Ret\u00f3rica\",\"description\":\"\",\"potentialAction\":[{\"@type\":\"SearchAction\",\"target\":{\"@type\":\"EntryPoint\",\"urlTemplate\":\"https:\/\/se-ret.org\/?s={search_term_string}\"},\"query-input\":\"required name=search_term_string\"}],\"inLanguage\":\"es\"},{\"@type\":\"ImageObject\",\"@id\":\"https:\/\/se-ret.org\/index.php\/2021\/09\/26\/nueva-junta-directiva-de-la-se-ret\/#primaryimage\",\"inLanguage\":\"es\",\"url\":\"https:\/\/se-ret.org\/wp-content\/uploads\/2021\/09\/WhatsApp-Image-2021-09-24-at-15.24.04.jpeg\",\"contentUrl\":\"https:\/\/se-ret.org\/wp-content\/uploads\/2021\/09\/WhatsApp-Image-2021-09-24-at-15.24.04.jpeg\",\"width\":2000,\"height\":1008},{\"@type\":\"WebPage\",\"@id\":\"https:\/\/se-ret.org\/index.php\/2021\/09\/26\/nueva-junta-directiva-de-la-se-ret\/#webpage\",\"url\":\"https:\/\/se-ret.org\/index.php\/2021\/09\/26\/nueva-junta-directiva-de-la-se-ret\/\",\"name\":\"Nueva Junta Directiva de la SE-Ret - SE-RET. Sociedad Espa\u00f1ola de Ret\u00f3rica\",\"isPartOf\":{\"@id\":\"https:\/\/se-ret.org\/#website\"},\"primaryImageOfPage\":{\"@id\":\"https:\/\/se-ret.org\/index.php\/2021\/09\/26\/nueva-junta-directiva-de-la-se-ret\/#primaryimage\"},\"datePublished\":\"2021-09-26T15:04:48+00:00\",\"dateModified\":\"2021-09-26T15:04:53+00:00\",\"author\":{\"@id\":\"https:\/\/se-ret.org\/#\/schema\/person\/a75788006f9b0bd21acb5ac502d4c3a3\"},\"breadcrumb\":{\"@id\":\"https:\/\/se-ret.org\/index.php\/2021\/09\/26\/nueva-junta-directiva-de-la-se-ret\/#breadcrumb\"},\"inLanguage\":\"es\",\"potentialAction\":[{\"@type\":\"ReadAction\",\"target\":[\"https:\/\/se-ret.org\/index.php\/2021\/09\/26\/nueva-junta-directiva-de-la-se-ret\/\"]}]},{\"@type\":\"BreadcrumbList\",\"@id\":\"https:\/\/se-ret.org\/index.php\/2021\/09\/26\/nueva-junta-directiva-de-la-se-ret\/#breadcrumb\",\"itemListElement\":[{\"@type\":\"ListItem\",\"position\":1,\"name\":\"Portada\",\"item\":\"https:\/\/se-ret.org\/index.php\/noticias\/\"},{\"@type\":\"ListItem\",\"position\":2,\"name\":\"Nueva Junta Directiva de la SE-Ret\"}]},{\"@type\":\"Person\",\"@id\":\"https:\/\/se-ret.org\/#\/schema\/person\/a75788006f9b0bd21acb5ac502d4c3a3\",\"name\":\"Secretar\u00eda SE-Ret\",\"url\":\"https:\/\/se-ret.org\/index.php\/author\/dahdelafuente\/\"}]}<\/script>\n<!-- \/ Yoast SEO plugin. -->","yoast_head_json":{"title":"Nueva Junta Directiva de la SE-Ret - SE-RET. Sociedad Espa\u00f1ola de Ret\u00f3rica","robots":{"index":"index","follow":"follow","max-snippet":"max-snippet:-1","max-image-preview":"max-image-preview:large","max-video-preview":"max-video-preview:-1"},"canonical":"https:\/\/se-ret.org\/index.php\/2021\/09\/26\/nueva-junta-directiva-de-la-se-ret\/","og_locale":"es_ES","og_type":"article","og_title":"Nueva Junta Directiva de la SE-Ret - SE-RET. Sociedad Espa\u00f1ola de Ret\u00f3rica","og_description":"La Asamblea Ordinaria y Extraordinaria de la SE-Ret tuvo lugar el 24 de septiembre de 2021 en la Sala de Juntas de la Facultad de Filolog\u00eda de la Universidad Complutense, en formato h\u00edbrido (presencial y telem\u00e1tica simult\u00e1neamente). El resultado m\u00e1s destacado de la asamblea, adem\u00e1s de la rendici\u00b4\u00f3n de cuentas del periodo constituyente, fue la [&hellip;]","og_url":"https:\/\/se-ret.org\/index.php\/2021\/09\/26\/nueva-junta-directiva-de-la-se-ret\/","og_site_name":"SE-RET. Sociedad Espa\u00f1ola de Ret\u00f3rica","article_published_time":"2021-09-26T15:04:48+00:00","article_modified_time":"2021-09-26T15:04:53+00:00","og_image":[{"width":2000,"height":1008,"url":"https:\/\/se-ret.org\/wp-content\/uploads\/2021\/09\/WhatsApp-Image-2021-09-24-at-15.24.04.jpeg","type":"image\/jpeg"}],"twitter_card":"summary_large_image","twitter_misc":{"Escrito por":"Secretar\u00eda SE-Ret","Tiempo de lectura":"1 minuto"},"schema":{"@context":"https:\/\/schema.org","@graph":[{"@type":"WebSite","@id":"https:\/\/se-ret.org\/#website","url":"https:\/\/se-ret.org\/","name":"SE-RET. Sociedad Espa\u00f1ola de Ret\u00f3rica","description":"","potentialAction":[{"@type":"SearchAction","target":{"@type":"EntryPoint","urlTemplate":"https:\/\/se-ret.org\/?s={search_term_string}"},"query-input":"required name=search_term_string"}],"inLanguage":"es"},{"@type":"ImageObject","@id":"https:\/\/se-ret.org\/index.php\/2021\/09\/26\/nueva-junta-directiva-de-la-se-ret\/#primaryimage","inLanguage":"es","url":"https:\/\/se-ret.org\/wp-content\/uploads\/2021\/09\/WhatsApp-Image-2021-09-24-at-15.24.04.jpeg","contentUrl":"https:\/\/se-ret.org\/wp-content\/uploads\/2021\/09\/WhatsApp-Image-2021-09-24-at-15.24.04.jpeg","width":2000,"height":1008},{"@type":"WebPage","@id":"https:\/\/se-ret.org\/index.php\/2021\/09\/26\/nueva-junta-directiva-de-la-se-ret\/#webpage","url":"https:\/\/se-ret.org\/index.php\/2021\/09\/26\/nueva-junta-directiva-de-la-se-ret\/","name":"Nueva Junta Directiva de la SE-Ret - SE-RET. Sociedad Espa\u00f1ola de Ret\u00f3rica","isPartOf":{"@id":"https:\/\/se-ret.org\/#website"},"primaryImageOfPage":{"@id":"https:\/\/se-ret.org\/index.php\/2021\/09\/26\/nueva-junta-directiva-de-la-se-ret\/#primaryimage"},"datePublished":"2021-09-26T15:04:48+00:00","dateModified":"2021-09-26T15:04:53+00:00","author":{"@id":"https:\/\/se-ret.org\/#\/schema\/person\/a75788006f9b0bd21acb5ac502d4c3a3"},"breadcrumb":{"@id":"https:\/\/se-ret.org\/index.php\/2021\/09\/26\/nueva-junta-directiva-de-la-se-ret\/#breadcrumb"},"inLanguage":"es","potentialAction":[{"@type":"ReadAction","target":["https:\/\/se-ret.org\/index.php\/2021\/09\/26\/nueva-junta-directiva-de-la-se-ret\/"]}]},{"@type":"BreadcrumbList","@id":"https:\/\/se-ret.org\/index.php\/2021\/09\/26\/nueva-junta-directiva-de-la-se-ret\/#breadcrumb","itemListElement":[{"@type":"ListItem","position":1,"name":"Portada","item":"https:\/\/se-ret.org\/index.php\/noticias\/"},{"@type":"ListItem","position":2,"name":"Nueva Junta Directiva de la SE-Ret"}]},{"@type":"Person","@id":"https:\/\/se-ret.org\/#\/schema\/person\/a75788006f9b0bd21acb5ac502d4c3a3","name":"Secretar\u00eda SE-Ret","url":"https:\/\/se-ret.org\/index.php\/author\/dahdelafuente\/"}]}},"_links":{"self":[{"href":"https:\/\/se-ret.org\/index.php\/wp-json\/wp\/v2\/posts\/263"}],"collection":[{"href":"https:\/\/se-ret.org\/index.php\/wp-json\/wp\/v2\/posts"}],"about":[{"href":"https:\/\/se-ret.org\/index.php\/wp-json\/wp\/v2\/types\/post"}],"author":[{"embeddable":true,"href":"https:\/\/se-ret.org\/index.php\/wp-json\/wp\/v2\/users\/2"}],"replies":[{"embeddable":true,"href":"https:\/\/se-ret.org\/index.php\/wp-json\/wp\/v2\/comments?post=263"}],"version-history":[{"count":1,"href":"https:\/\/se-ret.org\/index.php\/wp-json\/wp\/v2\/posts\/263\/revisions"}],"predecessor-version":[{"id":265,"href":"https:\/\/se-ret.org\/index.php\/wp-json\/wp\/v2\/posts\/263\/revisions\/265"}],"wp:featuredmedia":[{"embeddable":true,"href":"https:\/\/se-ret.org\/index.php\/wp-json\/wp\/v2\/media\/264"}],"wp:attachment":[{"href":"https:\/\/se-ret.org\/index.php\/wp-json\/wp\/v2\/media?parent=263"}],"wp:term":[{"taxonomy":"category","embeddable":true,"href":"https:\/\/se-ret.org\/index.php\/wp-json\/wp\/v2\/categories?post=263"},{"taxonomy":"post_tag","embeddable":true,"href":"https:\/\/se-ret.org\/index.php\/wp-json\/wp\/v2\/tags?post=263"}],"curies":[{"name":"wp","href":"https:\/\/api.w.org\/{rel}","templated":true}]}}