{"id":257,"date":"2021-09-02T17:16:12","date_gmt":"2021-09-02T17:16:12","guid":{"rendered":"https:\/\/se-ret.org\/?p=257"},"modified":"2021-09-02T17:18:06","modified_gmt":"2021-09-02T17:18:06","slug":"seminario-sobre-artes-de-memoria","status":"publish","type":"post","link":"https:\/\/se-ret.org\/index.php\/2021\/09\/02\/seminario-sobre-artes-de-memoria\/","title":{"rendered":"Seminario sobre Artes de la Memoria"},"content":{"rendered":"\n<p>Se celebra en la Universidad de Extremadura del 13 a 16 de septiembre el seminario adjunto sobre Artes de la Memoria, en modalidad h\u00edbrida (presencial\/telem\u00e1tica), que difundimos con mucho gusto por su inter\u00e9s tem\u00e1tico para la SE-Ret. Para m\u00e1s informaci\u00f3n: Luis Merino (lmerino@unex.es) y Marta Ramos (martarg@unex.es) <\/p>\n\n\n\n<div class=\"wp-block-file\"><a href=\"https:\/\/se-ret.org\/wp-content\/uploads\/2021\/09\/Programa-definitivo.pdf\">Programa-definitivo<\/a><a href=\"https:\/\/se-ret.org\/wp-content\/uploads\/2021\/09\/Programa-definitivo.pdf\" class=\"wp-block-file__button\" download>Descarga<\/a><\/div>\n","protected":false},"excerpt":{"rendered":"<p>Se celebra en la Universidad de Extremadura del 13 a 16 de septiembre el seminario adjunto sobre Artes de la Memoria, en modalidad h\u00edbrida (presencial\/telem\u00e1tica), que difundimos con mucho gusto por su inter\u00e9s tem\u00e1tico para la SE-Ret. Para m\u00e1s informaci\u00f3n: Luis Merino (lmerino@unex.es) y Marta Ramos (martarg@unex.es)<\/p>\n","protected":false},"author":2,"featured_media":260,"comment_status":"closed","ping_status":"closed","sticky":false,"template":"","format":"standard","meta":[],"categories":[1],"tags":[],"yoast_head":"<!-- This site is optimized with the Yoast SEO plugin v18.6 - https:\/\/yoast.com\/wordpress\/plugins\/seo\/ -->\n<title>Seminario sobre Artes de la Memoria - SE-RET. Sociedad Espa\u00f1ola de Ret\u00f3rica<\/title>\n<meta name=\"robots\" content=\"index, follow, max-snippet:-1, max-image-preview:large, max-video-preview:-1\" \/>\n<link rel=\"canonical\" href=\"https:\/\/se-ret.org\/index.php\/2021\/09\/02\/seminario-sobre-artes-de-memoria\/\" \/>\n<meta property=\"og:locale\" content=\"es_ES\" \/>\n<meta property=\"og:type\" content=\"article\" \/>\n<meta property=\"og:title\" content=\"Seminario sobre Artes de la Memoria - SE-RET. Sociedad Espa\u00f1ola de Ret\u00f3rica\" \/>\n<meta property=\"og:description\" content=\"Se celebra en la Universidad de Extremadura del 13 a 16 de septiembre el seminario adjunto sobre Artes de la Memoria, en modalidad h\u00edbrida (presencial\/telem\u00e1tica), que difundimos con mucho gusto por su inter\u00e9s tem\u00e1tico para la SE-Ret. Para m\u00e1s informaci\u00f3n: Luis Merino (lmerino@unex.es) y Marta Ramos (martarg@unex.es)\" \/>\n<meta property=\"og:url\" content=\"https:\/\/se-ret.org\/index.php\/2021\/09\/02\/seminario-sobre-artes-de-memoria\/\" \/>\n<meta property=\"og:site_name\" content=\"SE-RET. Sociedad Espa\u00f1ola de Ret\u00f3rica\" \/>\n<meta property=\"article:published_time\" content=\"2021-09-02T17:16:12+00:00\" \/>\n<meta property=\"article:modified_time\" content=\"2021-09-02T17:18:06+00:00\" \/>\n<meta property=\"og:image\" content=\"https:\/\/se-ret.org\/wp-content\/uploads\/2021\/09\/imagen.jpg\" \/>\n\t<meta property=\"og:image:width\" content=\"274\" \/>\n\t<meta property=\"og:image:height\" content=\"221\" \/>\n\t<meta property=\"og:image:type\" content=\"image\/jpeg\" \/>\n<meta name=\"twitter:card\" content=\"summary_large_image\" \/>\n<meta name=\"twitter:label1\" content=\"Escrito por\" \/>\n\t<meta name=\"twitter:data1\" content=\"Secretar\u00eda SE-Ret\" \/>\n<script type=\"application\/ld+json\" class=\"yoast-schema-graph\">{\"@context\":\"https:\/\/schema.org\",\"@graph\":[{\"@type\":\"WebSite\",\"@id\":\"https:\/\/se-ret.org\/#website\",\"url\":\"https:\/\/se-ret.org\/\",\"name\":\"SE-RET. Sociedad Espa\u00f1ola de Ret\u00f3rica\",\"description\":\"\",\"potentialAction\":[{\"@type\":\"SearchAction\",\"target\":{\"@type\":\"EntryPoint\",\"urlTemplate\":\"https:\/\/se-ret.org\/?s={search_term_string}\"},\"query-input\":\"required name=search_term_string\"}],\"inLanguage\":\"es\"},{\"@type\":\"ImageObject\",\"@id\":\"https:\/\/se-ret.org\/index.php\/2021\/09\/02\/seminario-sobre-artes-de-memoria\/#primaryimage\",\"inLanguage\":\"es\",\"url\":\"https:\/\/se-ret.org\/wp-content\/uploads\/2021\/09\/imagen.jpg\",\"contentUrl\":\"https:\/\/se-ret.org\/wp-content\/uploads\/2021\/09\/imagen.jpg\",\"width\":274,\"height\":221},{\"@type\":\"WebPage\",\"@id\":\"https:\/\/se-ret.org\/index.php\/2021\/09\/02\/seminario-sobre-artes-de-memoria\/#webpage\",\"url\":\"https:\/\/se-ret.org\/index.php\/2021\/09\/02\/seminario-sobre-artes-de-memoria\/\",\"name\":\"Seminario sobre Artes de la Memoria - SE-RET. Sociedad Espa\u00f1ola de Ret\u00f3rica\",\"isPartOf\":{\"@id\":\"https:\/\/se-ret.org\/#website\"},\"primaryImageOfPage\":{\"@id\":\"https:\/\/se-ret.org\/index.php\/2021\/09\/02\/seminario-sobre-artes-de-memoria\/#primaryimage\"},\"datePublished\":\"2021-09-02T17:16:12+00:00\",\"dateModified\":\"2021-09-02T17:18:06+00:00\",\"author\":{\"@id\":\"https:\/\/se-ret.org\/#\/schema\/person\/a75788006f9b0bd21acb5ac502d4c3a3\"},\"breadcrumb\":{\"@id\":\"https:\/\/se-ret.org\/index.php\/2021\/09\/02\/seminario-sobre-artes-de-memoria\/#breadcrumb\"},\"inLanguage\":\"es\",\"potentialAction\":[{\"@type\":\"ReadAction\",\"target\":[\"https:\/\/se-ret.org\/index.php\/2021\/09\/02\/seminario-sobre-artes-de-memoria\/\"]}]},{\"@type\":\"BreadcrumbList\",\"@id\":\"https:\/\/se-ret.org\/index.php\/2021\/09\/02\/seminario-sobre-artes-de-memoria\/#breadcrumb\",\"itemListElement\":[{\"@type\":\"ListItem\",\"position\":1,\"name\":\"Portada\",\"item\":\"https:\/\/se-ret.org\/index.php\/noticias\/\"},{\"@type\":\"ListItem\",\"position\":2,\"name\":\"Seminario sobre Artes de la Memoria\"}]},{\"@type\":\"Person\",\"@id\":\"https:\/\/se-ret.org\/#\/schema\/person\/a75788006f9b0bd21acb5ac502d4c3a3\",\"name\":\"Secretar\u00eda SE-Ret\",\"url\":\"https:\/\/se-ret.org\/index.php\/author\/dahdelafuente\/\"}]}<\/script>\n<!-- \/ Yoast SEO plugin. -->","yoast_head_json":{"title":"Seminario sobre Artes de la Memoria - SE-RET. Sociedad Espa\u00f1ola de Ret\u00f3rica","robots":{"index":"index","follow":"follow","max-snippet":"max-snippet:-1","max-image-preview":"max-image-preview:large","max-video-preview":"max-video-preview:-1"},"canonical":"https:\/\/se-ret.org\/index.php\/2021\/09\/02\/seminario-sobre-artes-de-memoria\/","og_locale":"es_ES","og_type":"article","og_title":"Seminario sobre Artes de la Memoria - SE-RET. Sociedad Espa\u00f1ola de Ret\u00f3rica","og_description":"Se celebra en la Universidad de Extremadura del 13 a 16 de septiembre el seminario adjunto sobre Artes de la Memoria, en modalidad h\u00edbrida (presencial\/telem\u00e1tica), que difundimos con mucho gusto por su inter\u00e9s tem\u00e1tico para la SE-Ret. Para m\u00e1s informaci\u00f3n: Luis Merino (lmerino@unex.es) y Marta Ramos (martarg@unex.es)","og_url":"https:\/\/se-ret.org\/index.php\/2021\/09\/02\/seminario-sobre-artes-de-memoria\/","og_site_name":"SE-RET. Sociedad Espa\u00f1ola de Ret\u00f3rica","article_published_time":"2021-09-02T17:16:12+00:00","article_modified_time":"2021-09-02T17:18:06+00:00","og_image":[{"width":274,"height":221,"url":"https:\/\/se-ret.org\/wp-content\/uploads\/2021\/09\/imagen.jpg","type":"image\/jpeg"}],"twitter_card":"summary_large_image","twitter_misc":{"Escrito por":"Secretar\u00eda SE-Ret"},"schema":{"@context":"https:\/\/schema.org","@graph":[{"@type":"WebSite","@id":"https:\/\/se-ret.org\/#website","url":"https:\/\/se-ret.org\/","name":"SE-RET. Sociedad Espa\u00f1ola de Ret\u00f3rica","description":"","potentialAction":[{"@type":"SearchAction","target":{"@type":"EntryPoint","urlTemplate":"https:\/\/se-ret.org\/?s={search_term_string}"},"query-input":"required name=search_term_string"}],"inLanguage":"es"},{"@type":"ImageObject","@id":"https:\/\/se-ret.org\/index.php\/2021\/09\/02\/seminario-sobre-artes-de-memoria\/#primaryimage","inLanguage":"es","url":"https:\/\/se-ret.org\/wp-content\/uploads\/2021\/09\/imagen.jpg","contentUrl":"https:\/\/se-ret.org\/wp-content\/uploads\/2021\/09\/imagen.jpg","width":274,"height":221},{"@type":"WebPage","@id":"https:\/\/se-ret.org\/index.php\/2021\/09\/02\/seminario-sobre-artes-de-memoria\/#webpage","url":"https:\/\/se-ret.org\/index.php\/2021\/09\/02\/seminario-sobre-artes-de-memoria\/","name":"Seminario sobre Artes de la Memoria - SE-RET. Sociedad Espa\u00f1ola de Ret\u00f3rica","isPartOf":{"@id":"https:\/\/se-ret.org\/#website"},"primaryImageOfPage":{"@id":"https:\/\/se-ret.org\/index.php\/2021\/09\/02\/seminario-sobre-artes-de-memoria\/#primaryimage"},"datePublished":"2021-09-02T17:16:12+00:00","dateModified":"2021-09-02T17:18:06+00:00","author":{"@id":"https:\/\/se-ret.org\/#\/schema\/person\/a75788006f9b0bd21acb5ac502d4c3a3"},"breadcrumb":{"@id":"https:\/\/se-ret.org\/index.php\/2021\/09\/02\/seminario-sobre-artes-de-memoria\/#breadcrumb"},"inLanguage":"es","potentialAction":[{"@type":"ReadAction","target":["https:\/\/se-ret.org\/index.php\/2021\/09\/02\/seminario-sobre-artes-de-memoria\/"]}]},{"@type":"BreadcrumbList","@id":"https:\/\/se-ret.org\/index.php\/2021\/09\/02\/seminario-sobre-artes-de-memoria\/#breadcrumb","itemListElement":[{"@type":"ListItem","position":1,"name":"Portada","item":"https:\/\/se-ret.org\/index.php\/noticias\/"},{"@type":"ListItem","position":2,"name":"Seminario sobre Artes de la Memoria"}]},{"@type":"Person","@id":"https:\/\/se-ret.org\/#\/schema\/person\/a75788006f9b0bd21acb5ac502d4c3a3","name":"Secretar\u00eda SE-Ret","url":"https:\/\/se-ret.org\/index.php\/author\/dahdelafuente\/"}]}},"_links":{"self":[{"href":"https:\/\/se-ret.org\/index.php\/wp-json\/wp\/v2\/posts\/257"}],"collection":[{"href":"https:\/\/se-ret.org\/index.php\/wp-json\/wp\/v2\/posts"}],"about":[{"href":"https:\/\/se-ret.org\/index.php\/wp-json\/wp\/v2\/types\/post"}],"author":[{"embeddable":true,"href":"https:\/\/se-ret.org\/index.php\/wp-json\/wp\/v2\/users\/2"}],"replies":[{"embeddable":true,"href":"https:\/\/se-ret.org\/index.php\/wp-json\/wp\/v2\/comments?post=257"}],"version-history":[{"count":3,"href":"https:\/\/se-ret.org\/index.php\/wp-json\/wp\/v2\/posts\/257\/revisions"}],"predecessor-version":[{"id":262,"href":"https:\/\/se-ret.org\/index.php\/wp-json\/wp\/v2\/posts\/257\/revisions\/262"}],"wp:featuredmedia":[{"embeddable":true,"href":"https:\/\/se-ret.org\/index.php\/wp-json\/wp\/v2\/media\/260"}],"wp:attachment":[{"href":"https:\/\/se-ret.org\/index.php\/wp-json\/wp\/v2\/media?parent=257"}],"wp:term":[{"taxonomy":"category","embeddable":true,"href":"https:\/\/se-ret.org\/index.php\/wp-json\/wp\/v2\/categories?post=257"},{"taxonomy":"post_tag","embeddable":true,"href":"https:\/\/se-ret.org\/index.php\/wp-json\/wp\/v2\/tags?post=257"}],"curies":[{"name":"wp","href":"https:\/\/api.w.org\/{rel}","templated":true}]}}