{"id":252,"date":"2021-07-31T17:53:11","date_gmt":"2021-07-31T17:53:11","guid":{"rendered":"https:\/\/se-ret.org\/?p=252"},"modified":"2021-07-31T17:53:19","modified_gmt":"2021-07-31T17:53:19","slug":"maestria-en-retorica-y-argumentacion-unt-argentina","status":"publish","type":"post","link":"https:\/\/se-ret.org\/index.php\/2021\/07\/31\/maestria-en-retorica-y-argumentacion-unt-argentina\/","title":{"rendered":"Maestr\u00eda en Ret\u00f3rica y Argumentaci\u00f3n (UNT, Argentina)"},"content":{"rendered":"\n<p>Informamos con mucho gusto de que en breve se iniciar\u00e1 la <a href=\"http:\/\/filo.unt.edu.ar\/maestria-en-retorica\/\">Maestr\u00eda en Ret\u00f3rica y Argumentaci\u00f3n<\/a>, un t\u00edtulo acad\u00e9mico pionero en el mundo hispanohablante, en la Facultad de Filosof\u00eda y Letras de la Universidad Nacional de Tucum\u00e1n (Argentina). Estos estudios est\u00e1n dirigidos por la Dra. Mar\u00eda Elisa Sala y coordinados por la Dra. Mar\u00eda Alejandra Vitale. M\u00e1s informaci\u00f3n <a href=\"http:\/\/filo.unt.edu.ar\/maestria-en-retorica\/\">aqu\u00ed<\/a>. En la red social Facebook se encuentra tambi\u00e9n el <a href=\"https:\/\/www.facebook.com\/CIdeAR2021\">Centro Interdisciplinario de Argumentaci\u00f3n y Ret\u00f3rica<\/a> (CIdeAR), tambi\u00e9n en la Facultad de Filosof\u00eda y Letras de la UNT. <\/p>\n","protected":false},"excerpt":{"rendered":"<p>Informamos con mucho gusto de que en breve se iniciar\u00e1 la Maestr\u00eda en Ret\u00f3rica y Argumentaci\u00f3n, un t\u00edtulo acad\u00e9mico pionero en el mundo hispanohablante, en la Facultad de Filosof\u00eda y Letras de la Universidad Nacional de Tucum\u00e1n (Argentina). Estos estudios est\u00e1n dirigidos por la Dra. Mar\u00eda Elisa Sala y coordinados por la Dra. Mar\u00eda Alejandra [&hellip;]<\/p>\n","protected":false},"author":2,"featured_media":253,"comment_status":"closed","ping_status":"closed","sticky":false,"template":"","format":"standard","meta":[],"categories":[1],"tags":[],"yoast_head":"<!-- This site is optimized with the Yoast SEO plugin v18.6 - https:\/\/yoast.com\/wordpress\/plugins\/seo\/ -->\n<title>Maestr\u00eda en Ret\u00f3rica y Argumentaci\u00f3n (UNT, Argentina) - SE-RET. Sociedad Espa\u00f1ola de Ret\u00f3rica<\/title>\n<meta name=\"robots\" content=\"index, follow, max-snippet:-1, max-image-preview:large, max-video-preview:-1\" \/>\n<link rel=\"canonical\" href=\"https:\/\/se-ret.org\/index.php\/2021\/07\/31\/maestria-en-retorica-y-argumentacion-unt-argentina\/\" \/>\n<meta property=\"og:locale\" content=\"es_ES\" \/>\n<meta property=\"og:type\" content=\"article\" \/>\n<meta property=\"og:title\" content=\"Maestr\u00eda en Ret\u00f3rica y Argumentaci\u00f3n (UNT, Argentina) - SE-RET. Sociedad Espa\u00f1ola de Ret\u00f3rica\" \/>\n<meta property=\"og:description\" content=\"Informamos con mucho gusto de que en breve se iniciar\u00e1 la Maestr\u00eda en Ret\u00f3rica y Argumentaci\u00f3n, un t\u00edtulo acad\u00e9mico pionero en el mundo hispanohablante, en la Facultad de Filosof\u00eda y Letras de la Universidad Nacional de Tucum\u00e1n (Argentina). Estos estudios est\u00e1n dirigidos por la Dra. Mar\u00eda Elisa Sala y coordinados por la Dra. Mar\u00eda Alejandra [&hellip;]\" \/>\n<meta property=\"og:url\" content=\"https:\/\/se-ret.org\/index.php\/2021\/07\/31\/maestria-en-retorica-y-argumentacion-unt-argentina\/\" \/>\n<meta property=\"og:site_name\" content=\"SE-RET. Sociedad Espa\u00f1ola de Ret\u00f3rica\" \/>\n<meta property=\"article:published_time\" content=\"2021-07-31T17:53:11+00:00\" \/>\n<meta property=\"article:modified_time\" content=\"2021-07-31T17:53:19+00:00\" \/>\n<meta property=\"og:image\" content=\"https:\/\/se-ret.org\/wp-content\/uploads\/2021\/07\/Captura-de-pantalla-2021-07-31-a-las-19.50.38.png\" \/>\n\t<meta property=\"og:image:width\" content=\"2402\" \/>\n\t<meta property=\"og:image:height\" content=\"1264\" \/>\n\t<meta property=\"og:image:type\" content=\"image\/png\" \/>\n<meta name=\"twitter:card\" content=\"summary_large_image\" \/>\n<meta name=\"twitter:label1\" content=\"Escrito por\" \/>\n\t<meta name=\"twitter:data1\" content=\"Secretar\u00eda SE-Ret\" \/>\n\t<meta name=\"twitter:label2\" content=\"Tiempo de lectura\" \/>\n\t<meta name=\"twitter:data2\" content=\"1 minuto\" \/>\n<script type=\"application\/ld+json\" class=\"yoast-schema-graph\">{\"@context\":\"https:\/\/schema.org\",\"@graph\":[{\"@type\":\"WebSite\",\"@id\":\"https:\/\/se-ret.org\/#website\",\"url\":\"https:\/\/se-ret.org\/\",\"name\":\"SE-RET. Sociedad Espa\u00f1ola de Ret\u00f3rica\",\"description\":\"\",\"potentialAction\":[{\"@type\":\"SearchAction\",\"target\":{\"@type\":\"EntryPoint\",\"urlTemplate\":\"https:\/\/se-ret.org\/?s={search_term_string}\"},\"query-input\":\"required name=search_term_string\"}],\"inLanguage\":\"es\"},{\"@type\":\"ImageObject\",\"@id\":\"https:\/\/se-ret.org\/index.php\/2021\/07\/31\/maestria-en-retorica-y-argumentacion-unt-argentina\/#primaryimage\",\"inLanguage\":\"es\",\"url\":\"https:\/\/se-ret.org\/wp-content\/uploads\/2021\/07\/Captura-de-pantalla-2021-07-31-a-las-19.50.38.png\",\"contentUrl\":\"https:\/\/se-ret.org\/wp-content\/uploads\/2021\/07\/Captura-de-pantalla-2021-07-31-a-las-19.50.38.png\",\"width\":2402,\"height\":1264},{\"@type\":\"WebPage\",\"@id\":\"https:\/\/se-ret.org\/index.php\/2021\/07\/31\/maestria-en-retorica-y-argumentacion-unt-argentina\/#webpage\",\"url\":\"https:\/\/se-ret.org\/index.php\/2021\/07\/31\/maestria-en-retorica-y-argumentacion-unt-argentina\/\",\"name\":\"Maestr\u00eda en Ret\u00f3rica y Argumentaci\u00f3n (UNT, Argentina) - SE-RET. Sociedad Espa\u00f1ola de Ret\u00f3rica\",\"isPartOf\":{\"@id\":\"https:\/\/se-ret.org\/#website\"},\"primaryImageOfPage\":{\"@id\":\"https:\/\/se-ret.org\/index.php\/2021\/07\/31\/maestria-en-retorica-y-argumentacion-unt-argentina\/#primaryimage\"},\"datePublished\":\"2021-07-31T17:53:11+00:00\",\"dateModified\":\"2021-07-31T17:53:19+00:00\",\"author\":{\"@id\":\"https:\/\/se-ret.org\/#\/schema\/person\/a75788006f9b0bd21acb5ac502d4c3a3\"},\"breadcrumb\":{\"@id\":\"https:\/\/se-ret.org\/index.php\/2021\/07\/31\/maestria-en-retorica-y-argumentacion-unt-argentina\/#breadcrumb\"},\"inLanguage\":\"es\",\"potentialAction\":[{\"@type\":\"ReadAction\",\"target\":[\"https:\/\/se-ret.org\/index.php\/2021\/07\/31\/maestria-en-retorica-y-argumentacion-unt-argentina\/\"]}]},{\"@type\":\"BreadcrumbList\",\"@id\":\"https:\/\/se-ret.org\/index.php\/2021\/07\/31\/maestria-en-retorica-y-argumentacion-unt-argentina\/#breadcrumb\",\"itemListElement\":[{\"@type\":\"ListItem\",\"position\":1,\"name\":\"Portada\",\"item\":\"https:\/\/se-ret.org\/index.php\/noticias\/\"},{\"@type\":\"ListItem\",\"position\":2,\"name\":\"Maestr\u00eda en Ret\u00f3rica y Argumentaci\u00f3n (UNT, Argentina)\"}]},{\"@type\":\"Person\",\"@id\":\"https:\/\/se-ret.org\/#\/schema\/person\/a75788006f9b0bd21acb5ac502d4c3a3\",\"name\":\"Secretar\u00eda SE-Ret\",\"url\":\"https:\/\/se-ret.org\/index.php\/author\/dahdelafuente\/\"}]}<\/script>\n<!-- \/ Yoast SEO plugin. -->","yoast_head_json":{"title":"Maestr\u00eda en Ret\u00f3rica y Argumentaci\u00f3n (UNT, Argentina) - SE-RET. Sociedad Espa\u00f1ola de Ret\u00f3rica","robots":{"index":"index","follow":"follow","max-snippet":"max-snippet:-1","max-image-preview":"max-image-preview:large","max-video-preview":"max-video-preview:-1"},"canonical":"https:\/\/se-ret.org\/index.php\/2021\/07\/31\/maestria-en-retorica-y-argumentacion-unt-argentina\/","og_locale":"es_ES","og_type":"article","og_title":"Maestr\u00eda en Ret\u00f3rica y Argumentaci\u00f3n (UNT, Argentina) - SE-RET. Sociedad Espa\u00f1ola de Ret\u00f3rica","og_description":"Informamos con mucho gusto de que en breve se iniciar\u00e1 la Maestr\u00eda en Ret\u00f3rica y Argumentaci\u00f3n, un t\u00edtulo acad\u00e9mico pionero en el mundo hispanohablante, en la Facultad de Filosof\u00eda y Letras de la Universidad Nacional de Tucum\u00e1n (Argentina). Estos estudios est\u00e1n dirigidos por la Dra. Mar\u00eda Elisa Sala y coordinados por la Dra. Mar\u00eda Alejandra [&hellip;]","og_url":"https:\/\/se-ret.org\/index.php\/2021\/07\/31\/maestria-en-retorica-y-argumentacion-unt-argentina\/","og_site_name":"SE-RET. Sociedad Espa\u00f1ola de Ret\u00f3rica","article_published_time":"2021-07-31T17:53:11+00:00","article_modified_time":"2021-07-31T17:53:19+00:00","og_image":[{"width":2402,"height":1264,"url":"https:\/\/se-ret.org\/wp-content\/uploads\/2021\/07\/Captura-de-pantalla-2021-07-31-a-las-19.50.38.png","type":"image\/png"}],"twitter_card":"summary_large_image","twitter_misc":{"Escrito por":"Secretar\u00eda SE-Ret","Tiempo de lectura":"1 minuto"},"schema":{"@context":"https:\/\/schema.org","@graph":[{"@type":"WebSite","@id":"https:\/\/se-ret.org\/#website","url":"https:\/\/se-ret.org\/","name":"SE-RET. Sociedad Espa\u00f1ola de Ret\u00f3rica","description":"","potentialAction":[{"@type":"SearchAction","target":{"@type":"EntryPoint","urlTemplate":"https:\/\/se-ret.org\/?s={search_term_string}"},"query-input":"required name=search_term_string"}],"inLanguage":"es"},{"@type":"ImageObject","@id":"https:\/\/se-ret.org\/index.php\/2021\/07\/31\/maestria-en-retorica-y-argumentacion-unt-argentina\/#primaryimage","inLanguage":"es","url":"https:\/\/se-ret.org\/wp-content\/uploads\/2021\/07\/Captura-de-pantalla-2021-07-31-a-las-19.50.38.png","contentUrl":"https:\/\/se-ret.org\/wp-content\/uploads\/2021\/07\/Captura-de-pantalla-2021-07-31-a-las-19.50.38.png","width":2402,"height":1264},{"@type":"WebPage","@id":"https:\/\/se-ret.org\/index.php\/2021\/07\/31\/maestria-en-retorica-y-argumentacion-unt-argentina\/#webpage","url":"https:\/\/se-ret.org\/index.php\/2021\/07\/31\/maestria-en-retorica-y-argumentacion-unt-argentina\/","name":"Maestr\u00eda en Ret\u00f3rica y Argumentaci\u00f3n (UNT, Argentina) - SE-RET. Sociedad Espa\u00f1ola de Ret\u00f3rica","isPartOf":{"@id":"https:\/\/se-ret.org\/#website"},"primaryImageOfPage":{"@id":"https:\/\/se-ret.org\/index.php\/2021\/07\/31\/maestria-en-retorica-y-argumentacion-unt-argentina\/#primaryimage"},"datePublished":"2021-07-31T17:53:11+00:00","dateModified":"2021-07-31T17:53:19+00:00","author":{"@id":"https:\/\/se-ret.org\/#\/schema\/person\/a75788006f9b0bd21acb5ac502d4c3a3"},"breadcrumb":{"@id":"https:\/\/se-ret.org\/index.php\/2021\/07\/31\/maestria-en-retorica-y-argumentacion-unt-argentina\/#breadcrumb"},"inLanguage":"es","potentialAction":[{"@type":"ReadAction","target":["https:\/\/se-ret.org\/index.php\/2021\/07\/31\/maestria-en-retorica-y-argumentacion-unt-argentina\/"]}]},{"@type":"BreadcrumbList","@id":"https:\/\/se-ret.org\/index.php\/2021\/07\/31\/maestria-en-retorica-y-argumentacion-unt-argentina\/#breadcrumb","itemListElement":[{"@type":"ListItem","position":1,"name":"Portada","item":"https:\/\/se-ret.org\/index.php\/noticias\/"},{"@type":"ListItem","position":2,"name":"Maestr\u00eda en Ret\u00f3rica y Argumentaci\u00f3n (UNT, Argentina)"}]},{"@type":"Person","@id":"https:\/\/se-ret.org\/#\/schema\/person\/a75788006f9b0bd21acb5ac502d4c3a3","name":"Secretar\u00eda SE-Ret","url":"https:\/\/se-ret.org\/index.php\/author\/dahdelafuente\/"}]}},"_links":{"self":[{"href":"https:\/\/se-ret.org\/index.php\/wp-json\/wp\/v2\/posts\/252"}],"collection":[{"href":"https:\/\/se-ret.org\/index.php\/wp-json\/wp\/v2\/posts"}],"about":[{"href":"https:\/\/se-ret.org\/index.php\/wp-json\/wp\/v2\/types\/post"}],"author":[{"embeddable":true,"href":"https:\/\/se-ret.org\/index.php\/wp-json\/wp\/v2\/users\/2"}],"replies":[{"embeddable":true,"href":"https:\/\/se-ret.org\/index.php\/wp-json\/wp\/v2\/comments?post=252"}],"version-history":[{"count":2,"href":"https:\/\/se-ret.org\/index.php\/wp-json\/wp\/v2\/posts\/252\/revisions"}],"predecessor-version":[{"id":255,"href":"https:\/\/se-ret.org\/index.php\/wp-json\/wp\/v2\/posts\/252\/revisions\/255"}],"wp:featuredmedia":[{"embeddable":true,"href":"https:\/\/se-ret.org\/index.php\/wp-json\/wp\/v2\/media\/253"}],"wp:attachment":[{"href":"https:\/\/se-ret.org\/index.php\/wp-json\/wp\/v2\/media?parent=252"}],"wp:term":[{"taxonomy":"category","embeddable":true,"href":"https:\/\/se-ret.org\/index.php\/wp-json\/wp\/v2\/categories?post=252"},{"taxonomy":"post_tag","embeddable":true,"href":"https:\/\/se-ret.org\/index.php\/wp-json\/wp\/v2\/tags?post=252"}],"curies":[{"name":"wp","href":"https:\/\/api.w.org\/{rel}","templated":true}]}}