{"id":248,"date":"2021-06-25T12:45:46","date_gmt":"2021-06-25T12:45:46","guid":{"rendered":"https:\/\/se-ret.org\/?p=248"},"modified":"2021-06-26T08:36:25","modified_gmt":"2021-06-26T08:36:25","slug":"videoconferencias-grabadas-del-primer-ciclo-de-la-se-ret","status":"publish","type":"post","link":"https:\/\/se-ret.org\/index.php\/2021\/06\/25\/videoconferencias-grabadas-del-primer-ciclo-de-la-se-ret\/","title":{"rendered":"Videoconferencias grabadas del Primer Ciclo de la SE-Ret"},"content":{"rendered":"\n<p>Nos complace anunciar el estreno del nuevo canal de YouTube de la SE-Ret con las tres videoconferencias del Primer Ciclo de Conferencias de la Sociedad. La conferencia \u201cAproximaci\u00f3n al concepto de ret\u00f3rica\u201d, impartida por Juan Lorenzo, \u201cEl genodiscurso ret\u00f3rico\u201d, a cargo de Tom\u00e1s Albaladejo, y \u201cEl lenguaje del Derecho\u201d, por Eduardo Torres-Dulce, a las que asistieron nuestros socios en primicia, quedan ahora a disposici\u00f3n del p\u00fablico general interesado en la Ret\u00f3rica. Pueden acceder a ellas en este <a href=\"https:\/\/www.youtube.com\/channel\/UCqLhYUQ60-ZIwiMrAGArBZw\">enlace<\/a>.<\/p>\n","protected":false},"excerpt":{"rendered":"<p>Nos complace anunciar el estreno del nuevo canal de YouTube de la SE-Ret con las tres videoconferencias del Primer Ciclo de Conferencias de la Sociedad. La conferencia \u201cAproximaci\u00f3n al concepto de ret\u00f3rica\u201d, impartida por Juan Lorenzo, \u201cEl genodiscurso ret\u00f3rico\u201d, a cargo de Tom\u00e1s Albaladejo, y \u201cEl lenguaje del Derecho\u201d, por Eduardo Torres-Dulce, a las que [&hellip;]<\/p>\n","protected":false},"author":2,"featured_media":249,"comment_status":"closed","ping_status":"closed","sticky":false,"template":"","format":"standard","meta":[],"categories":[1],"tags":[],"yoast_head":"<!-- This site is optimized with the Yoast SEO plugin v18.6 - https:\/\/yoast.com\/wordpress\/plugins\/seo\/ -->\n<title>Videoconferencias grabadas del Primer Ciclo de la SE-Ret - SE-RET. Sociedad Espa\u00f1ola de Ret\u00f3rica<\/title>\n<meta name=\"robots\" content=\"index, follow, max-snippet:-1, max-image-preview:large, max-video-preview:-1\" \/>\n<link rel=\"canonical\" href=\"https:\/\/se-ret.org\/index.php\/2021\/06\/25\/videoconferencias-grabadas-del-primer-ciclo-de-la-se-ret\/\" \/>\n<meta property=\"og:locale\" content=\"es_ES\" \/>\n<meta property=\"og:type\" content=\"article\" \/>\n<meta property=\"og:title\" content=\"Videoconferencias grabadas del Primer Ciclo de la SE-Ret - SE-RET. Sociedad Espa\u00f1ola de Ret\u00f3rica\" \/>\n<meta property=\"og:description\" content=\"Nos complace anunciar el estreno del nuevo canal de YouTube de la SE-Ret con las tres videoconferencias del Primer Ciclo de Conferencias de la Sociedad. La conferencia \u201cAproximaci\u00f3n al concepto de ret\u00f3rica\u201d, impartida por Juan Lorenzo, \u201cEl genodiscurso ret\u00f3rico\u201d, a cargo de Tom\u00e1s Albaladejo, y \u201cEl lenguaje del Derecho\u201d, por Eduardo Torres-Dulce, a las que [&hellip;]\" \/>\n<meta property=\"og:url\" content=\"https:\/\/se-ret.org\/index.php\/2021\/06\/25\/videoconferencias-grabadas-del-primer-ciclo-de-la-se-ret\/\" \/>\n<meta property=\"og:site_name\" content=\"SE-RET. Sociedad Espa\u00f1ola de Ret\u00f3rica\" \/>\n<meta property=\"article:published_time\" content=\"2021-06-25T12:45:46+00:00\" \/>\n<meta property=\"article:modified_time\" content=\"2021-06-26T08:36:25+00:00\" \/>\n<meta property=\"og:image\" content=\"https:\/\/se-ret.org\/wp-content\/uploads\/2021\/06\/Youtube-SE-Ret-1.png\" \/>\n\t<meta property=\"og:image:width\" content=\"2766\" \/>\n\t<meta property=\"og:image:height\" content=\"1902\" \/>\n\t<meta property=\"og:image:type\" content=\"image\/png\" \/>\n<meta name=\"twitter:card\" content=\"summary_large_image\" \/>\n<meta name=\"twitter:label1\" content=\"Escrito por\" \/>\n\t<meta name=\"twitter:data1\" content=\"Secretar\u00eda SE-Ret\" \/>\n<script type=\"application\/ld+json\" class=\"yoast-schema-graph\">{\"@context\":\"https:\/\/schema.org\",\"@graph\":[{\"@type\":\"WebSite\",\"@id\":\"https:\/\/se-ret.org\/#website\",\"url\":\"https:\/\/se-ret.org\/\",\"name\":\"SE-RET. Sociedad Espa\u00f1ola de Ret\u00f3rica\",\"description\":\"\",\"potentialAction\":[{\"@type\":\"SearchAction\",\"target\":{\"@type\":\"EntryPoint\",\"urlTemplate\":\"https:\/\/se-ret.org\/?s={search_term_string}\"},\"query-input\":\"required name=search_term_string\"}],\"inLanguage\":\"es\"},{\"@type\":\"ImageObject\",\"@id\":\"https:\/\/se-ret.org\/index.php\/2021\/06\/25\/videoconferencias-grabadas-del-primer-ciclo-de-la-se-ret\/#primaryimage\",\"inLanguage\":\"es\",\"url\":\"https:\/\/se-ret.org\/wp-content\/uploads\/2021\/06\/Youtube-SE-Ret-1.png\",\"contentUrl\":\"https:\/\/se-ret.org\/wp-content\/uploads\/2021\/06\/Youtube-SE-Ret-1.png\",\"width\":2766,\"height\":1902},{\"@type\":\"WebPage\",\"@id\":\"https:\/\/se-ret.org\/index.php\/2021\/06\/25\/videoconferencias-grabadas-del-primer-ciclo-de-la-se-ret\/#webpage\",\"url\":\"https:\/\/se-ret.org\/index.php\/2021\/06\/25\/videoconferencias-grabadas-del-primer-ciclo-de-la-se-ret\/\",\"name\":\"Videoconferencias grabadas del Primer Ciclo de la SE-Ret - SE-RET. Sociedad Espa\u00f1ola de Ret\u00f3rica\",\"isPartOf\":{\"@id\":\"https:\/\/se-ret.org\/#website\"},\"primaryImageOfPage\":{\"@id\":\"https:\/\/se-ret.org\/index.php\/2021\/06\/25\/videoconferencias-grabadas-del-primer-ciclo-de-la-se-ret\/#primaryimage\"},\"datePublished\":\"2021-06-25T12:45:46+00:00\",\"dateModified\":\"2021-06-26T08:36:25+00:00\",\"author\":{\"@id\":\"https:\/\/se-ret.org\/#\/schema\/person\/a75788006f9b0bd21acb5ac502d4c3a3\"},\"breadcrumb\":{\"@id\":\"https:\/\/se-ret.org\/index.php\/2021\/06\/25\/videoconferencias-grabadas-del-primer-ciclo-de-la-se-ret\/#breadcrumb\"},\"inLanguage\":\"es\",\"potentialAction\":[{\"@type\":\"ReadAction\",\"target\":[\"https:\/\/se-ret.org\/index.php\/2021\/06\/25\/videoconferencias-grabadas-del-primer-ciclo-de-la-se-ret\/\"]}]},{\"@type\":\"BreadcrumbList\",\"@id\":\"https:\/\/se-ret.org\/index.php\/2021\/06\/25\/videoconferencias-grabadas-del-primer-ciclo-de-la-se-ret\/#breadcrumb\",\"itemListElement\":[{\"@type\":\"ListItem\",\"position\":1,\"name\":\"Portada\",\"item\":\"https:\/\/se-ret.org\/index.php\/noticias\/\"},{\"@type\":\"ListItem\",\"position\":2,\"name\":\"Videoconferencias grabadas del Primer Ciclo de la SE-Ret\"}]},{\"@type\":\"Person\",\"@id\":\"https:\/\/se-ret.org\/#\/schema\/person\/a75788006f9b0bd21acb5ac502d4c3a3\",\"name\":\"Secretar\u00eda SE-Ret\",\"url\":\"https:\/\/se-ret.org\/index.php\/author\/dahdelafuente\/\"}]}<\/script>\n<!-- \/ Yoast SEO plugin. -->","yoast_head_json":{"title":"Videoconferencias grabadas del Primer Ciclo de la SE-Ret - SE-RET. Sociedad Espa\u00f1ola de Ret\u00f3rica","robots":{"index":"index","follow":"follow","max-snippet":"max-snippet:-1","max-image-preview":"max-image-preview:large","max-video-preview":"max-video-preview:-1"},"canonical":"https:\/\/se-ret.org\/index.php\/2021\/06\/25\/videoconferencias-grabadas-del-primer-ciclo-de-la-se-ret\/","og_locale":"es_ES","og_type":"article","og_title":"Videoconferencias grabadas del Primer Ciclo de la SE-Ret - SE-RET. Sociedad Espa\u00f1ola de Ret\u00f3rica","og_description":"Nos complace anunciar el estreno del nuevo canal de YouTube de la SE-Ret con las tres videoconferencias del Primer Ciclo de Conferencias de la Sociedad. La conferencia \u201cAproximaci\u00f3n al concepto de ret\u00f3rica\u201d, impartida por Juan Lorenzo, \u201cEl genodiscurso ret\u00f3rico\u201d, a cargo de Tom\u00e1s Albaladejo, y \u201cEl lenguaje del Derecho\u201d, por Eduardo Torres-Dulce, a las que [&hellip;]","og_url":"https:\/\/se-ret.org\/index.php\/2021\/06\/25\/videoconferencias-grabadas-del-primer-ciclo-de-la-se-ret\/","og_site_name":"SE-RET. Sociedad Espa\u00f1ola de Ret\u00f3rica","article_published_time":"2021-06-25T12:45:46+00:00","article_modified_time":"2021-06-26T08:36:25+00:00","og_image":[{"width":2766,"height":1902,"url":"https:\/\/se-ret.org\/wp-content\/uploads\/2021\/06\/Youtube-SE-Ret-1.png","type":"image\/png"}],"twitter_card":"summary_large_image","twitter_misc":{"Escrito por":"Secretar\u00eda SE-Ret"},"schema":{"@context":"https:\/\/schema.org","@graph":[{"@type":"WebSite","@id":"https:\/\/se-ret.org\/#website","url":"https:\/\/se-ret.org\/","name":"SE-RET. Sociedad Espa\u00f1ola de Ret\u00f3rica","description":"","potentialAction":[{"@type":"SearchAction","target":{"@type":"EntryPoint","urlTemplate":"https:\/\/se-ret.org\/?s={search_term_string}"},"query-input":"required name=search_term_string"}],"inLanguage":"es"},{"@type":"ImageObject","@id":"https:\/\/se-ret.org\/index.php\/2021\/06\/25\/videoconferencias-grabadas-del-primer-ciclo-de-la-se-ret\/#primaryimage","inLanguage":"es","url":"https:\/\/se-ret.org\/wp-content\/uploads\/2021\/06\/Youtube-SE-Ret-1.png","contentUrl":"https:\/\/se-ret.org\/wp-content\/uploads\/2021\/06\/Youtube-SE-Ret-1.png","width":2766,"height":1902},{"@type":"WebPage","@id":"https:\/\/se-ret.org\/index.php\/2021\/06\/25\/videoconferencias-grabadas-del-primer-ciclo-de-la-se-ret\/#webpage","url":"https:\/\/se-ret.org\/index.php\/2021\/06\/25\/videoconferencias-grabadas-del-primer-ciclo-de-la-se-ret\/","name":"Videoconferencias grabadas del Primer Ciclo de la SE-Ret - SE-RET. Sociedad Espa\u00f1ola de Ret\u00f3rica","isPartOf":{"@id":"https:\/\/se-ret.org\/#website"},"primaryImageOfPage":{"@id":"https:\/\/se-ret.org\/index.php\/2021\/06\/25\/videoconferencias-grabadas-del-primer-ciclo-de-la-se-ret\/#primaryimage"},"datePublished":"2021-06-25T12:45:46+00:00","dateModified":"2021-06-26T08:36:25+00:00","author":{"@id":"https:\/\/se-ret.org\/#\/schema\/person\/a75788006f9b0bd21acb5ac502d4c3a3"},"breadcrumb":{"@id":"https:\/\/se-ret.org\/index.php\/2021\/06\/25\/videoconferencias-grabadas-del-primer-ciclo-de-la-se-ret\/#breadcrumb"},"inLanguage":"es","potentialAction":[{"@type":"ReadAction","target":["https:\/\/se-ret.org\/index.php\/2021\/06\/25\/videoconferencias-grabadas-del-primer-ciclo-de-la-se-ret\/"]}]},{"@type":"BreadcrumbList","@id":"https:\/\/se-ret.org\/index.php\/2021\/06\/25\/videoconferencias-grabadas-del-primer-ciclo-de-la-se-ret\/#breadcrumb","itemListElement":[{"@type":"ListItem","position":1,"name":"Portada","item":"https:\/\/se-ret.org\/index.php\/noticias\/"},{"@type":"ListItem","position":2,"name":"Videoconferencias grabadas del Primer Ciclo de la SE-Ret"}]},{"@type":"Person","@id":"https:\/\/se-ret.org\/#\/schema\/person\/a75788006f9b0bd21acb5ac502d4c3a3","name":"Secretar\u00eda SE-Ret","url":"https:\/\/se-ret.org\/index.php\/author\/dahdelafuente\/"}]}},"_links":{"self":[{"href":"https:\/\/se-ret.org\/index.php\/wp-json\/wp\/v2\/posts\/248"}],"collection":[{"href":"https:\/\/se-ret.org\/index.php\/wp-json\/wp\/v2\/posts"}],"about":[{"href":"https:\/\/se-ret.org\/index.php\/wp-json\/wp\/v2\/types\/post"}],"author":[{"embeddable":true,"href":"https:\/\/se-ret.org\/index.php\/wp-json\/wp\/v2\/users\/2"}],"replies":[{"embeddable":true,"href":"https:\/\/se-ret.org\/index.php\/wp-json\/wp\/v2\/comments?post=248"}],"version-history":[{"count":2,"href":"https:\/\/se-ret.org\/index.php\/wp-json\/wp\/v2\/posts\/248\/revisions"}],"predecessor-version":[{"id":251,"href":"https:\/\/se-ret.org\/index.php\/wp-json\/wp\/v2\/posts\/248\/revisions\/251"}],"wp:featuredmedia":[{"embeddable":true,"href":"https:\/\/se-ret.org\/index.php\/wp-json\/wp\/v2\/media\/249"}],"wp:attachment":[{"href":"https:\/\/se-ret.org\/index.php\/wp-json\/wp\/v2\/media?parent=248"}],"wp:term":[{"taxonomy":"category","embeddable":true,"href":"https:\/\/se-ret.org\/index.php\/wp-json\/wp\/v2\/categories?post=248"},{"taxonomy":"post_tag","embeddable":true,"href":"https:\/\/se-ret.org\/index.php\/wp-json\/wp\/v2\/tags?post=248"}],"curies":[{"name":"wp","href":"https:\/\/api.w.org\/{rel}","templated":true}]}}