{"id":228,"date":"2021-05-10T11:46:58","date_gmt":"2021-05-10T11:46:58","guid":{"rendered":"https:\/\/se-ret.org\/?p=228"},"modified":"2021-05-19T17:22:42","modified_gmt":"2021-05-19T17:22:42","slug":"segunda-sesion-del-ciclo-de-conferencias","status":"publish","type":"post","link":"https:\/\/se-ret.org\/index.php\/2021\/05\/10\/segunda-sesion-del-ciclo-de-conferencias\/","title":{"rendered":"Segunda sesi\u00f3n del ciclo de conferencias"},"content":{"rendered":"\n<p>Con mucho gusto anunciamos la 2\u00aa sesi\u00f3n del Primer Ciclo de Conferencias de la SE-Ret. La conferencia \u201cEl genodiscurso ret\u00f3rico\u201d, impartida por el Prof. Tom\u00e1s Albaladejo, tendr\u00e1 lugar el pr\u00f3ximo jueves 20 de mayo de 2021 a las 19:00 h. en la plataforma Google Meet. Inscripciones en secretario@se-ret.org<\/p>\n\n\n\n<p>Se pueden descargar aqu\u00ed el esquema y bibliograf\u00eda de la conferencia.<\/p>\n\n\n\n<div class=\"wp-block-file\"><a href=\"https:\/\/se-ret.org\/wp-content\/uploads\/2021\/05\/Hand-out-conferencia-Toma\u0301s-Albaladejo.pdf\">Hand-out-conferencia-Toma\u0301s-Albaladejo<\/a><a href=\"https:\/\/se-ret.org\/wp-content\/uploads\/2021\/05\/Hand-out-conferencia-Toma\u0301s-Albaladejo.pdf\" class=\"wp-block-file__button\" download>Descarga<\/a><\/div>\n","protected":false},"excerpt":{"rendered":"<p>Con mucho gusto anunciamos la 2\u00aa sesi\u00f3n del Primer Ciclo de Conferencias de la SE-Ret. La conferencia \u201cEl genodiscurso ret\u00f3rico\u201d, impartida por el Prof. Tom\u00e1s Albaladejo, tendr\u00e1 lugar el pr\u00f3ximo jueves 20 de mayo de 2021 a las 19:00 h. en la plataforma Google Meet. Inscripciones en secretario@se-ret.org Se pueden descargar aqu\u00ed el esquema y [&hellip;]<\/p>\n","protected":false},"author":2,"featured_media":233,"comment_status":"closed","ping_status":"closed","sticky":false,"template":"","format":"standard","meta":[],"categories":[1],"tags":[],"yoast_head":"<!-- This site is optimized with the Yoast SEO plugin v18.6 - https:\/\/yoast.com\/wordpress\/plugins\/seo\/ -->\n<title>Segunda sesi\u00f3n del ciclo de conferencias - SE-RET. Sociedad Espa\u00f1ola de Ret\u00f3rica<\/title>\n<meta name=\"robots\" content=\"index, follow, max-snippet:-1, max-image-preview:large, max-video-preview:-1\" \/>\n<link rel=\"canonical\" href=\"https:\/\/se-ret.org\/index.php\/2021\/05\/10\/segunda-sesion-del-ciclo-de-conferencias\/\" \/>\n<meta property=\"og:locale\" content=\"es_ES\" \/>\n<meta property=\"og:type\" content=\"article\" \/>\n<meta property=\"og:title\" content=\"Segunda sesi\u00f3n del ciclo de conferencias - SE-RET. Sociedad Espa\u00f1ola de Ret\u00f3rica\" \/>\n<meta property=\"og:description\" content=\"Con mucho gusto anunciamos la 2\u00aa sesi\u00f3n del Primer Ciclo de Conferencias de la SE-Ret. La conferencia \u201cEl genodiscurso ret\u00f3rico\u201d, impartida por el Prof. Tom\u00e1s Albaladejo, tendr\u00e1 lugar el pr\u00f3ximo jueves 20 de mayo de 2021 a las 19:00 h. en la plataforma Google Meet. Inscripciones en secretario@se-ret.org Se pueden descargar aqu\u00ed el esquema y [&hellip;]\" \/>\n<meta property=\"og:url\" content=\"https:\/\/se-ret.org\/index.php\/2021\/05\/10\/segunda-sesion-del-ciclo-de-conferencias\/\" \/>\n<meta property=\"og:site_name\" content=\"SE-RET. Sociedad Espa\u00f1ola de Ret\u00f3rica\" \/>\n<meta property=\"article:published_time\" content=\"2021-05-10T11:46:58+00:00\" \/>\n<meta property=\"article:modified_time\" content=\"2021-05-19T17:22:42+00:00\" \/>\n<meta property=\"og:image\" content=\"https:\/\/se-ret.org\/wp-content\/uploads\/2021\/05\/Primer-Ciclo-SE-RET-2a-conf-1-scaled.jpg\" \/>\n\t<meta property=\"og:image:width\" content=\"2560\" \/>\n\t<meta property=\"og:image:height\" content=\"1810\" \/>\n\t<meta property=\"og:image:type\" content=\"image\/jpeg\" \/>\n<meta name=\"twitter:card\" content=\"summary_large_image\" \/>\n<meta name=\"twitter:label1\" content=\"Escrito por\" \/>\n\t<meta name=\"twitter:data1\" content=\"Secretar\u00eda SE-Ret\" \/>\n<script type=\"application\/ld+json\" class=\"yoast-schema-graph\">{\"@context\":\"https:\/\/schema.org\",\"@graph\":[{\"@type\":\"WebSite\",\"@id\":\"https:\/\/se-ret.org\/#website\",\"url\":\"https:\/\/se-ret.org\/\",\"name\":\"SE-RET. Sociedad Espa\u00f1ola de Ret\u00f3rica\",\"description\":\"\",\"potentialAction\":[{\"@type\":\"SearchAction\",\"target\":{\"@type\":\"EntryPoint\",\"urlTemplate\":\"https:\/\/se-ret.org\/?s={search_term_string}\"},\"query-input\":\"required name=search_term_string\"}],\"inLanguage\":\"es\"},{\"@type\":\"ImageObject\",\"@id\":\"https:\/\/se-ret.org\/index.php\/2021\/05\/10\/segunda-sesion-del-ciclo-de-conferencias\/#primaryimage\",\"inLanguage\":\"es\",\"url\":\"https:\/\/se-ret.org\/wp-content\/uploads\/2021\/05\/Primer-Ciclo-SE-RET-2a-conf-1-scaled.jpg\",\"contentUrl\":\"https:\/\/se-ret.org\/wp-content\/uploads\/2021\/05\/Primer-Ciclo-SE-RET-2a-conf-1-scaled.jpg\",\"width\":2560,\"height\":1810},{\"@type\":\"WebPage\",\"@id\":\"https:\/\/se-ret.org\/index.php\/2021\/05\/10\/segunda-sesion-del-ciclo-de-conferencias\/#webpage\",\"url\":\"https:\/\/se-ret.org\/index.php\/2021\/05\/10\/segunda-sesion-del-ciclo-de-conferencias\/\",\"name\":\"Segunda sesi\u00f3n del ciclo de conferencias - SE-RET. Sociedad Espa\u00f1ola de Ret\u00f3rica\",\"isPartOf\":{\"@id\":\"https:\/\/se-ret.org\/#website\"},\"primaryImageOfPage\":{\"@id\":\"https:\/\/se-ret.org\/index.php\/2021\/05\/10\/segunda-sesion-del-ciclo-de-conferencias\/#primaryimage\"},\"datePublished\":\"2021-05-10T11:46:58+00:00\",\"dateModified\":\"2021-05-19T17:22:42+00:00\",\"author\":{\"@id\":\"https:\/\/se-ret.org\/#\/schema\/person\/a75788006f9b0bd21acb5ac502d4c3a3\"},\"breadcrumb\":{\"@id\":\"https:\/\/se-ret.org\/index.php\/2021\/05\/10\/segunda-sesion-del-ciclo-de-conferencias\/#breadcrumb\"},\"inLanguage\":\"es\",\"potentialAction\":[{\"@type\":\"ReadAction\",\"target\":[\"https:\/\/se-ret.org\/index.php\/2021\/05\/10\/segunda-sesion-del-ciclo-de-conferencias\/\"]}]},{\"@type\":\"BreadcrumbList\",\"@id\":\"https:\/\/se-ret.org\/index.php\/2021\/05\/10\/segunda-sesion-del-ciclo-de-conferencias\/#breadcrumb\",\"itemListElement\":[{\"@type\":\"ListItem\",\"position\":1,\"name\":\"Portada\",\"item\":\"https:\/\/se-ret.org\/index.php\/noticias\/\"},{\"@type\":\"ListItem\",\"position\":2,\"name\":\"Segunda sesi\u00f3n del ciclo de conferencias\"}]},{\"@type\":\"Person\",\"@id\":\"https:\/\/se-ret.org\/#\/schema\/person\/a75788006f9b0bd21acb5ac502d4c3a3\",\"name\":\"Secretar\u00eda SE-Ret\",\"url\":\"https:\/\/se-ret.org\/index.php\/author\/dahdelafuente\/\"}]}<\/script>\n<!-- \/ Yoast SEO plugin. -->","yoast_head_json":{"title":"Segunda sesi\u00f3n del ciclo de conferencias - SE-RET. Sociedad Espa\u00f1ola de Ret\u00f3rica","robots":{"index":"index","follow":"follow","max-snippet":"max-snippet:-1","max-image-preview":"max-image-preview:large","max-video-preview":"max-video-preview:-1"},"canonical":"https:\/\/se-ret.org\/index.php\/2021\/05\/10\/segunda-sesion-del-ciclo-de-conferencias\/","og_locale":"es_ES","og_type":"article","og_title":"Segunda sesi\u00f3n del ciclo de conferencias - SE-RET. Sociedad Espa\u00f1ola de Ret\u00f3rica","og_description":"Con mucho gusto anunciamos la 2\u00aa sesi\u00f3n del Primer Ciclo de Conferencias de la SE-Ret. La conferencia \u201cEl genodiscurso ret\u00f3rico\u201d, impartida por el Prof. Tom\u00e1s Albaladejo, tendr\u00e1 lugar el pr\u00f3ximo jueves 20 de mayo de 2021 a las 19:00 h. en la plataforma Google Meet. Inscripciones en secretario@se-ret.org Se pueden descargar aqu\u00ed el esquema y [&hellip;]","og_url":"https:\/\/se-ret.org\/index.php\/2021\/05\/10\/segunda-sesion-del-ciclo-de-conferencias\/","og_site_name":"SE-RET. Sociedad Espa\u00f1ola de Ret\u00f3rica","article_published_time":"2021-05-10T11:46:58+00:00","article_modified_time":"2021-05-19T17:22:42+00:00","og_image":[{"width":2560,"height":1810,"url":"https:\/\/se-ret.org\/wp-content\/uploads\/2021\/05\/Primer-Ciclo-SE-RET-2a-conf-1-scaled.jpg","type":"image\/jpeg"}],"twitter_card":"summary_large_image","twitter_misc":{"Escrito por":"Secretar\u00eda SE-Ret"},"schema":{"@context":"https:\/\/schema.org","@graph":[{"@type":"WebSite","@id":"https:\/\/se-ret.org\/#website","url":"https:\/\/se-ret.org\/","name":"SE-RET. Sociedad Espa\u00f1ola de Ret\u00f3rica","description":"","potentialAction":[{"@type":"SearchAction","target":{"@type":"EntryPoint","urlTemplate":"https:\/\/se-ret.org\/?s={search_term_string}"},"query-input":"required name=search_term_string"}],"inLanguage":"es"},{"@type":"ImageObject","@id":"https:\/\/se-ret.org\/index.php\/2021\/05\/10\/segunda-sesion-del-ciclo-de-conferencias\/#primaryimage","inLanguage":"es","url":"https:\/\/se-ret.org\/wp-content\/uploads\/2021\/05\/Primer-Ciclo-SE-RET-2a-conf-1-scaled.jpg","contentUrl":"https:\/\/se-ret.org\/wp-content\/uploads\/2021\/05\/Primer-Ciclo-SE-RET-2a-conf-1-scaled.jpg","width":2560,"height":1810},{"@type":"WebPage","@id":"https:\/\/se-ret.org\/index.php\/2021\/05\/10\/segunda-sesion-del-ciclo-de-conferencias\/#webpage","url":"https:\/\/se-ret.org\/index.php\/2021\/05\/10\/segunda-sesion-del-ciclo-de-conferencias\/","name":"Segunda sesi\u00f3n del ciclo de conferencias - SE-RET. Sociedad Espa\u00f1ola de Ret\u00f3rica","isPartOf":{"@id":"https:\/\/se-ret.org\/#website"},"primaryImageOfPage":{"@id":"https:\/\/se-ret.org\/index.php\/2021\/05\/10\/segunda-sesion-del-ciclo-de-conferencias\/#primaryimage"},"datePublished":"2021-05-10T11:46:58+00:00","dateModified":"2021-05-19T17:22:42+00:00","author":{"@id":"https:\/\/se-ret.org\/#\/schema\/person\/a75788006f9b0bd21acb5ac502d4c3a3"},"breadcrumb":{"@id":"https:\/\/se-ret.org\/index.php\/2021\/05\/10\/segunda-sesion-del-ciclo-de-conferencias\/#breadcrumb"},"inLanguage":"es","potentialAction":[{"@type":"ReadAction","target":["https:\/\/se-ret.org\/index.php\/2021\/05\/10\/segunda-sesion-del-ciclo-de-conferencias\/"]}]},{"@type":"BreadcrumbList","@id":"https:\/\/se-ret.org\/index.php\/2021\/05\/10\/segunda-sesion-del-ciclo-de-conferencias\/#breadcrumb","itemListElement":[{"@type":"ListItem","position":1,"name":"Portada","item":"https:\/\/se-ret.org\/index.php\/noticias\/"},{"@type":"ListItem","position":2,"name":"Segunda sesi\u00f3n del ciclo de conferencias"}]},{"@type":"Person","@id":"https:\/\/se-ret.org\/#\/schema\/person\/a75788006f9b0bd21acb5ac502d4c3a3","name":"Secretar\u00eda SE-Ret","url":"https:\/\/se-ret.org\/index.php\/author\/dahdelafuente\/"}]}},"_links":{"self":[{"href":"https:\/\/se-ret.org\/index.php\/wp-json\/wp\/v2\/posts\/228"}],"collection":[{"href":"https:\/\/se-ret.org\/index.php\/wp-json\/wp\/v2\/posts"}],"about":[{"href":"https:\/\/se-ret.org\/index.php\/wp-json\/wp\/v2\/types\/post"}],"author":[{"embeddable":true,"href":"https:\/\/se-ret.org\/index.php\/wp-json\/wp\/v2\/users\/2"}],"replies":[{"embeddable":true,"href":"https:\/\/se-ret.org\/index.php\/wp-json\/wp\/v2\/comments?post=228"}],"version-history":[{"count":3,"href":"https:\/\/se-ret.org\/index.php\/wp-json\/wp\/v2\/posts\/228\/revisions"}],"predecessor-version":[{"id":236,"href":"https:\/\/se-ret.org\/index.php\/wp-json\/wp\/v2\/posts\/228\/revisions\/236"}],"wp:featuredmedia":[{"embeddable":true,"href":"https:\/\/se-ret.org\/index.php\/wp-json\/wp\/v2\/media\/233"}],"wp:attachment":[{"href":"https:\/\/se-ret.org\/index.php\/wp-json\/wp\/v2\/media?parent=228"}],"wp:term":[{"taxonomy":"category","embeddable":true,"href":"https:\/\/se-ret.org\/index.php\/wp-json\/wp\/v2\/categories?post=228"},{"taxonomy":"post_tag","embeddable":true,"href":"https:\/\/se-ret.org\/index.php\/wp-json\/wp\/v2\/tags?post=228"}],"curies":[{"name":"wp","href":"https:\/\/api.w.org\/{rel}","templated":true}]}}