{"id":2124,"date":"2026-08-25T18:38:57","date_gmt":"2026-08-25T16:38:57","guid":{"rendered":"https:\/\/se-ret.org\/?p=2124"},"modified":"2026-08-26T11:01:12","modified_gmt":"2026-08-26T09:01:12","slug":"iv-encuentro-de-jovenes-investigadores-noveles-en-retorica","status":"publish","type":"post","link":"https:\/\/se-ret.org\/index.php\/2026\/08\/25\/iv-encuentro-de-jovenes-investigadores-noveles-en-retorica\/","title":{"rendered":"IV ENCUENTRO DE J\u00d3VENES INVESTIGADORES NOVELES EN RET\u00d3RICA"},"content":{"rendered":"\n<div class=\"wp-block-image\"><figure class=\"aligncenter size-medium\"><img loading=\"lazy\" width=\"209\" height=\"300\" src=\"https:\/\/se-ret.org\/wp-content\/uploads\/2026\/08\/Captura-de-pantalla-2026-08-26-a-las-10.59.45-209x300.png\" alt=\"\" class=\"wp-image-2132\" srcset=\"https:\/\/se-ret.org\/wp-content\/uploads\/2026\/08\/Captura-de-pantalla-2026-08-26-a-las-10.59.45-209x300.png 209w, https:\/\/se-ret.org\/wp-content\/uploads\/2026\/08\/Captura-de-pantalla-2026-08-26-a-las-10.59.45-719x1030.png 719w, https:\/\/se-ret.org\/wp-content\/uploads\/2026\/08\/Captura-de-pantalla-2026-08-26-a-las-10.59.45-56x80.png 56w, https:\/\/se-ret.org\/wp-content\/uploads\/2026\/08\/Captura-de-pantalla-2026-08-26-a-las-10.59.45-492x705.png 492w, https:\/\/se-ret.org\/wp-content\/uploads\/2026\/08\/Captura-de-pantalla-2026-08-26-a-las-10.59.45.png 736w\" sizes=\"(max-width: 209px) 100vw, 209px\" \/><\/figure><\/div>\n\n\n\n<p>Nos complace anunciar el \u00ab<strong>IV Encuentro&nbsp; de J\u00f3venes Investigadores Noveles en Ret\u00f3rica<\/strong>\u00bb&nbsp;, que se celebrar\u00e1 los&nbsp;<strong>d\u00edas 3 y 4 de septiembre de 2026<\/strong>&nbsp;en&nbsp;la&nbsp;<strong>Facultad de Filolog\u00eda de la Universidad de Salamanca<\/strong>.&nbsp;<br>Quienes deseen <strong>asistir presencialmente de oyentes<\/strong> al congreso, deber\u00e1n inscribirse con una <strong>cuota de 10\u20ac<\/strong> a trav\u00e9s del siguiente enlace: <a href=\"https:\/\/vaporetto.usal.es\/preactform\/detalleCurso?codigo_curso=6819&amp;ano_academico=2026&amp;convocatoria=1\" target=\"_blank\" rel=\"noreferrer noopener\">https:\/\/vaporetto.usal.es\/preactform\/detalleCurso?codigo_curso=6819&amp;ano_academico=2026&amp;convocatoria=1<\/a><\/p>\n\n\n\n<p>A continuaci\u00f3n les dejamos el programa.<\/p>\n\n\n\n<div class=\"wp-block-file\"><object class=\"wp-block-file__embed\" data=\"https:\/\/se-ret.org\/wp-content\/uploads\/2026\/08\/IV_SE_RET_PROGRAMA_DIGITAL-2.pdf\" type=\"application\/pdf\" style=\"width:100%;height:600px\" aria-label=\"Incrustado de IV_SE_RET_PROGRAMA_DIGITAL-2.\"><\/object><a id=\"wp-block-file--media-956424e2-4f7b-4a9e-afed-5750a0ea3579\" href=\"https:\/\/se-ret.org\/wp-content\/uploads\/2026\/08\/IV_SE_RET_PROGRAMA_DIGITAL-2.pdf\">IV_SE_RET_PROGRAMA_DIGITAL-2<\/a><a href=\"https:\/\/se-ret.org\/wp-content\/uploads\/2026\/08\/IV_SE_RET_PROGRAMA_DIGITAL-2.pdf\" class=\"wp-block-file__button\" download aria-describedby=\"wp-block-file--media-956424e2-4f7b-4a9e-afed-5750a0ea3579\">Descarga<\/a><\/div>\n","protected":false},"excerpt":{"rendered":"<p>Nos complace anunciar el \u00abIV Encuentro&nbsp; de J\u00f3venes Investigadores Noveles en Ret\u00f3rica\u00bb&nbsp;, que se celebrar\u00e1 los&nbsp;d\u00edas 3 y 4 de septiembre de 2026&nbsp;en&nbsp;la&nbsp;Facultad de Filolog\u00eda de la Universidad de Salamanca.&nbsp;Quienes deseen asistir presencialmente de oyentes al congreso, deber\u00e1n inscribirse con una cuota de 10\u20ac a trav\u00e9s del siguiente enlace: https:\/\/vaporetto.usal.es\/preactform\/detalleCurso?codigo_curso=6819&amp;ano_academico=2026&amp;convocatoria=1 A continuaci\u00f3n les dejamos el [&hellip;]<\/p>\n","protected":false},"author":5,"featured_media":2134,"comment_status":"closed","ping_status":"closed","sticky":false,"template":"","format":"standard","meta":[],"categories":[1],"tags":[],"yoast_head":"<!-- This site is optimized with the Yoast SEO plugin v18.6 - https:\/\/yoast.com\/wordpress\/plugins\/seo\/ -->\n<title>IV ENCUENTRO DE J\u00d3VENES INVESTIGADORES NOVELES EN RET\u00d3RICA - SE-RET. Sociedad Espa\u00f1ola de Ret\u00f3rica<\/title>\n<meta name=\"robots\" content=\"index, follow, max-snippet:-1, max-image-preview:large, max-video-preview:-1\" \/>\n<link rel=\"canonical\" href=\"https:\/\/se-ret.org\/index.php\/2026\/08\/25\/iv-encuentro-de-jovenes-investigadores-noveles-en-retorica\/\" \/>\n<meta property=\"og:locale\" content=\"es_ES\" \/>\n<meta property=\"og:type\" content=\"article\" \/>\n<meta property=\"og:title\" content=\"IV ENCUENTRO DE J\u00d3VENES INVESTIGADORES NOVELES EN RET\u00d3RICA - SE-RET. Sociedad Espa\u00f1ola de Ret\u00f3rica\" \/>\n<meta property=\"og:description\" content=\"Nos complace anunciar el \u00abIV Encuentro&nbsp; de J\u00f3venes Investigadores Noveles en Ret\u00f3rica\u00bb&nbsp;, que se celebrar\u00e1 los&nbsp;d\u00edas 3 y 4 de septiembre de 2026&nbsp;en&nbsp;la&nbsp;Facultad de Filolog\u00eda de la Universidad de Salamanca.&nbsp;Quienes deseen asistir presencialmente de oyentes al congreso, deber\u00e1n inscribirse con una cuota de 10\u20ac a trav\u00e9s del siguiente enlace: https:\/\/vaporetto.usal.es\/preactform\/detalleCurso?codigo_curso=6819&amp;ano_academico=2026&amp;convocatoria=1 A continuaci\u00f3n les dejamos el [&hellip;]\" \/>\n<meta property=\"og:url\" content=\"https:\/\/se-ret.org\/index.php\/2026\/08\/25\/iv-encuentro-de-jovenes-investigadores-noveles-en-retorica\/\" \/>\n<meta property=\"og:site_name\" content=\"SE-RET. Sociedad Espa\u00f1ola de Ret\u00f3rica\" \/>\n<meta property=\"article:published_time\" content=\"2026-08-25T16:38:57+00:00\" \/>\n<meta property=\"article:modified_time\" content=\"2026-08-26T09:01:12+00:00\" \/>\n<meta property=\"og:image\" content=\"https:\/\/se-ret.org\/wp-content\/uploads\/2026\/08\/Captura-de-pantalla-2026-08-26-a-las-10.59.45-1.png\" \/>\n\t<meta property=\"og:image:width\" content=\"736\" \/>\n\t<meta property=\"og:image:height\" content=\"1054\" \/>\n\t<meta property=\"og:image:type\" content=\"image\/png\" \/>\n<meta name=\"twitter:card\" content=\"summary_large_image\" \/>\n<meta name=\"twitter:label1\" content=\"Escrito por\" \/>\n\t<meta name=\"twitter:data1\" content=\"Mar\u00eda S\u00e1nchez Sergueeva\" \/>\n\t<meta name=\"twitter:label2\" content=\"Tiempo de lectura\" \/>\n\t<meta name=\"twitter:data2\" content=\"1 minuto\" \/>\n<script type=\"application\/ld+json\" class=\"yoast-schema-graph\">{\"@context\":\"https:\/\/schema.org\",\"@graph\":[{\"@type\":\"WebSite\",\"@id\":\"https:\/\/se-ret.org\/#website\",\"url\":\"https:\/\/se-ret.org\/\",\"name\":\"SE-RET. Sociedad Espa\u00f1ola de Ret\u00f3rica\",\"description\":\"\",\"potentialAction\":[{\"@type\":\"SearchAction\",\"target\":{\"@type\":\"EntryPoint\",\"urlTemplate\":\"https:\/\/se-ret.org\/?s={search_term_string}\"},\"query-input\":\"required name=search_term_string\"}],\"inLanguage\":\"es\"},{\"@type\":\"ImageObject\",\"@id\":\"https:\/\/se-ret.org\/index.php\/2026\/08\/25\/iv-encuentro-de-jovenes-investigadores-noveles-en-retorica\/#primaryimage\",\"inLanguage\":\"es\",\"url\":\"https:\/\/se-ret.org\/wp-content\/uploads\/2026\/08\/Captura-de-pantalla-2026-08-26-a-las-10.59.45-1.png\",\"contentUrl\":\"https:\/\/se-ret.org\/wp-content\/uploads\/2026\/08\/Captura-de-pantalla-2026-08-26-a-las-10.59.45-1.png\",\"width\":736,\"height\":1054},{\"@type\":\"WebPage\",\"@id\":\"https:\/\/se-ret.org\/index.php\/2026\/08\/25\/iv-encuentro-de-jovenes-investigadores-noveles-en-retorica\/#webpage\",\"url\":\"https:\/\/se-ret.org\/index.php\/2026\/08\/25\/iv-encuentro-de-jovenes-investigadores-noveles-en-retorica\/\",\"name\":\"IV ENCUENTRO DE J\u00d3VENES INVESTIGADORES NOVELES EN RET\u00d3RICA - SE-RET. Sociedad Espa\u00f1ola de Ret\u00f3rica\",\"isPartOf\":{\"@id\":\"https:\/\/se-ret.org\/#website\"},\"primaryImageOfPage\":{\"@id\":\"https:\/\/se-ret.org\/index.php\/2026\/08\/25\/iv-encuentro-de-jovenes-investigadores-noveles-en-retorica\/#primaryimage\"},\"datePublished\":\"2026-08-25T16:38:57+00:00\",\"dateModified\":\"2026-08-26T09:01:12+00:00\",\"author\":{\"@id\":\"https:\/\/se-ret.org\/#\/schema\/person\/ce54b13c4f8b7addd0aa0065af8030ec\"},\"breadcrumb\":{\"@id\":\"https:\/\/se-ret.org\/index.php\/2026\/08\/25\/iv-encuentro-de-jovenes-investigadores-noveles-en-retorica\/#breadcrumb\"},\"inLanguage\":\"es\",\"potentialAction\":[{\"@type\":\"ReadAction\",\"target\":[\"https:\/\/se-ret.org\/index.php\/2026\/08\/25\/iv-encuentro-de-jovenes-investigadores-noveles-en-retorica\/\"]}]},{\"@type\":\"BreadcrumbList\",\"@id\":\"https:\/\/se-ret.org\/index.php\/2026\/08\/25\/iv-encuentro-de-jovenes-investigadores-noveles-en-retorica\/#breadcrumb\",\"itemListElement\":[{\"@type\":\"ListItem\",\"position\":1,\"name\":\"Portada\",\"item\":\"https:\/\/se-ret.org\/index.php\/noticias\/\"},{\"@type\":\"ListItem\",\"position\":2,\"name\":\"IV ENCUENTRO DE J\u00d3VENES INVESTIGADORES NOVELES EN RET\u00d3RICA\"}]},{\"@type\":\"Person\",\"@id\":\"https:\/\/se-ret.org\/#\/schema\/person\/ce54b13c4f8b7addd0aa0065af8030ec\",\"name\":\"Mar\u00eda S\u00e1nchez Sergueeva\",\"url\":\"https:\/\/se-ret.org\/index.php\/author\/msanch65\/\"}]}<\/script>\n<!-- \/ Yoast SEO plugin. -->","yoast_head_json":{"title":"IV ENCUENTRO DE J\u00d3VENES INVESTIGADORES NOVELES EN RET\u00d3RICA - SE-RET. Sociedad Espa\u00f1ola de Ret\u00f3rica","robots":{"index":"index","follow":"follow","max-snippet":"max-snippet:-1","max-image-preview":"max-image-preview:large","max-video-preview":"max-video-preview:-1"},"canonical":"https:\/\/se-ret.org\/index.php\/2026\/08\/25\/iv-encuentro-de-jovenes-investigadores-noveles-en-retorica\/","og_locale":"es_ES","og_type":"article","og_title":"IV ENCUENTRO DE J\u00d3VENES INVESTIGADORES NOVELES EN RET\u00d3RICA - SE-RET. Sociedad Espa\u00f1ola de Ret\u00f3rica","og_description":"Nos complace anunciar el \u00abIV Encuentro&nbsp; de J\u00f3venes Investigadores Noveles en Ret\u00f3rica\u00bb&nbsp;, que se celebrar\u00e1 los&nbsp;d\u00edas 3 y 4 de septiembre de 2026&nbsp;en&nbsp;la&nbsp;Facultad de Filolog\u00eda de la Universidad de Salamanca.&nbsp;Quienes deseen asistir presencialmente de oyentes al congreso, deber\u00e1n inscribirse con una cuota de 10\u20ac a trav\u00e9s del siguiente enlace: https:\/\/vaporetto.usal.es\/preactform\/detalleCurso?codigo_curso=6819&amp;ano_academico=2026&amp;convocatoria=1 A continuaci\u00f3n les dejamos el [&hellip;]","og_url":"https:\/\/se-ret.org\/index.php\/2026\/08\/25\/iv-encuentro-de-jovenes-investigadores-noveles-en-retorica\/","og_site_name":"SE-RET. Sociedad Espa\u00f1ola de Ret\u00f3rica","article_published_time":"2026-08-25T16:38:57+00:00","article_modified_time":"2026-08-26T09:01:12+00:00","og_image":[{"width":736,"height":1054,"url":"https:\/\/se-ret.org\/wp-content\/uploads\/2026\/08\/Captura-de-pantalla-2026-08-26-a-las-10.59.45-1.png","type":"image\/png"}],"twitter_card":"summary_large_image","twitter_misc":{"Escrito por":"Mar\u00eda S\u00e1nchez Sergueeva","Tiempo de lectura":"1 minuto"},"schema":{"@context":"https:\/\/schema.org","@graph":[{"@type":"WebSite","@id":"https:\/\/se-ret.org\/#website","url":"https:\/\/se-ret.org\/","name":"SE-RET. Sociedad Espa\u00f1ola de Ret\u00f3rica","description":"","potentialAction":[{"@type":"SearchAction","target":{"@type":"EntryPoint","urlTemplate":"https:\/\/se-ret.org\/?s={search_term_string}"},"query-input":"required name=search_term_string"}],"inLanguage":"es"},{"@type":"ImageObject","@id":"https:\/\/se-ret.org\/index.php\/2026\/08\/25\/iv-encuentro-de-jovenes-investigadores-noveles-en-retorica\/#primaryimage","inLanguage":"es","url":"https:\/\/se-ret.org\/wp-content\/uploads\/2026\/08\/Captura-de-pantalla-2026-08-26-a-las-10.59.45-1.png","contentUrl":"https:\/\/se-ret.org\/wp-content\/uploads\/2026\/08\/Captura-de-pantalla-2026-08-26-a-las-10.59.45-1.png","width":736,"height":1054},{"@type":"WebPage","@id":"https:\/\/se-ret.org\/index.php\/2026\/08\/25\/iv-encuentro-de-jovenes-investigadores-noveles-en-retorica\/#webpage","url":"https:\/\/se-ret.org\/index.php\/2026\/08\/25\/iv-encuentro-de-jovenes-investigadores-noveles-en-retorica\/","name":"IV ENCUENTRO DE J\u00d3VENES INVESTIGADORES NOVELES EN RET\u00d3RICA - SE-RET. Sociedad Espa\u00f1ola de Ret\u00f3rica","isPartOf":{"@id":"https:\/\/se-ret.org\/#website"},"primaryImageOfPage":{"@id":"https:\/\/se-ret.org\/index.php\/2026\/08\/25\/iv-encuentro-de-jovenes-investigadores-noveles-en-retorica\/#primaryimage"},"datePublished":"2026-08-25T16:38:57+00:00","dateModified":"2026-08-26T09:01:12+00:00","author":{"@id":"https:\/\/se-ret.org\/#\/schema\/person\/ce54b13c4f8b7addd0aa0065af8030ec"},"breadcrumb":{"@id":"https:\/\/se-ret.org\/index.php\/2026\/08\/25\/iv-encuentro-de-jovenes-investigadores-noveles-en-retorica\/#breadcrumb"},"inLanguage":"es","potentialAction":[{"@type":"ReadAction","target":["https:\/\/se-ret.org\/index.php\/2026\/08\/25\/iv-encuentro-de-jovenes-investigadores-noveles-en-retorica\/"]}]},{"@type":"BreadcrumbList","@id":"https:\/\/se-ret.org\/index.php\/2026\/08\/25\/iv-encuentro-de-jovenes-investigadores-noveles-en-retorica\/#breadcrumb","itemListElement":[{"@type":"ListItem","position":1,"name":"Portada","item":"https:\/\/se-ret.org\/index.php\/noticias\/"},{"@type":"ListItem","position":2,"name":"IV ENCUENTRO DE J\u00d3VENES INVESTIGADORES NOVELES EN RET\u00d3RICA"}]},{"@type":"Person","@id":"https:\/\/se-ret.org\/#\/schema\/person\/ce54b13c4f8b7addd0aa0065af8030ec","name":"Mar\u00eda S\u00e1nchez Sergueeva","url":"https:\/\/se-ret.org\/index.php\/author\/msanch65\/"}]}},"_links":{"self":[{"href":"https:\/\/se-ret.org\/index.php\/wp-json\/wp\/v2\/posts\/2124"}],"collection":[{"href":"https:\/\/se-ret.org\/index.php\/wp-json\/wp\/v2\/posts"}],"about":[{"href":"https:\/\/se-ret.org\/index.php\/wp-json\/wp\/v2\/types\/post"}],"author":[{"embeddable":true,"href":"https:\/\/se-ret.org\/index.php\/wp-json\/wp\/v2\/users\/5"}],"replies":[{"embeddable":true,"href":"https:\/\/se-ret.org\/index.php\/wp-json\/wp\/v2\/comments?post=2124"}],"version-history":[{"count":4,"href":"https:\/\/se-ret.org\/index.php\/wp-json\/wp\/v2\/posts\/2124\/revisions"}],"predecessor-version":[{"id":2135,"href":"https:\/\/se-ret.org\/index.php\/wp-json\/wp\/v2\/posts\/2124\/revisions\/2135"}],"wp:featuredmedia":[{"embeddable":true,"href":"https:\/\/se-ret.org\/index.php\/wp-json\/wp\/v2\/media\/2134"}],"wp:attachment":[{"href":"https:\/\/se-ret.org\/index.php\/wp-json\/wp\/v2\/media?parent=2124"}],"wp:term":[{"taxonomy":"category","embeddable":true,"href":"https:\/\/se-ret.org\/index.php\/wp-json\/wp\/v2\/categories?post=2124"},{"taxonomy":"post_tag","embeddable":true,"href":"https:\/\/se-ret.org\/index.php\/wp-json\/wp\/v2\/tags?post=2124"}],"curies":[{"name":"wp","href":"https:\/\/api.w.org\/{rel}","templated":true}]}}