{"id":1846,"date":"2025-10-16T21:36:39","date_gmt":"2025-10-16T19:36:39","guid":{"rendered":"https:\/\/se-ret.org\/?p=1846"},"modified":"2025-10-16T21:39:47","modified_gmt":"2025-10-16T19:39:47","slug":"presentacion-del-libro-convencer-o-morir-de-juan-luis-conde","status":"publish","type":"post","link":"https:\/\/se-ret.org\/index.php\/2025\/10\/16\/presentacion-del-libro-convencer-o-morir-de-juan-luis-conde\/","title":{"rendered":"Presentaci\u00f3n del libro \u00abConvencer o morir\u00bb de Juan Luis Conde"},"content":{"rendered":"\n<p>La presentaci\u00f3n del \u00faltimo libro de nuestro presidente, <strong>Juan Luis Conde<\/strong>, tendr\u00e1 lugar el <strong>jueves 23 de octubre a las 19:00<\/strong> en el <strong>Espacio Dykinson<\/strong> (Calle Gaztambide 21, Madrid). Quedan todos invitados.<\/p>\n\n\n\n<figure class=\"wp-block-image size-large\"><img loading=\"lazy\" width=\"824\" height=\"1030\" src=\"https:\/\/se-ret.org\/wp-content\/uploads\/2025\/10\/Los-lugares-Invisibles-post-IG-4-824x1030.jpg\" alt=\"\" class=\"wp-image-1847\" srcset=\"https:\/\/se-ret.org\/wp-content\/uploads\/2025\/10\/Los-lugares-Invisibles-post-IG-4-824x1030.jpg 824w, https:\/\/se-ret.org\/wp-content\/uploads\/2025\/10\/Los-lugares-Invisibles-post-IG-4-240x300.jpg 240w, https:\/\/se-ret.org\/wp-content\/uploads\/2025\/10\/Los-lugares-Invisibles-post-IG-4-64x80.jpg 64w, https:\/\/se-ret.org\/wp-content\/uploads\/2025\/10\/Los-lugares-Invisibles-post-IG-4-768x960.jpg 768w, https:\/\/se-ret.org\/wp-content\/uploads\/2025\/10\/Los-lugares-Invisibles-post-IG-4-564x705.jpg 564w, https:\/\/se-ret.org\/wp-content\/uploads\/2025\/10\/Los-lugares-Invisibles-post-IG-4.jpg 1080w\" sizes=\"(max-width: 824px) 100vw, 824px\" \/><\/figure>\n","protected":false},"excerpt":{"rendered":"<p>La presentaci\u00f3n del \u00faltimo libro de nuestro presidente, Juan Luis Conde, tendr\u00e1 lugar el jueves 23 de octubre a las 19:00 en el Espacio Dykinson (Calle Gaztambide 21, Madrid). Quedan todos invitados.<\/p>\n","protected":false},"author":5,"featured_media":1847,"comment_status":"closed","ping_status":"closed","sticky":false,"template":"","format":"standard","meta":[],"categories":[1],"tags":[],"yoast_head":"<!-- This site is optimized with the Yoast SEO plugin v18.6 - https:\/\/yoast.com\/wordpress\/plugins\/seo\/ -->\n<title>Presentaci\u00f3n del libro &quot;Convencer o morir&quot; de Juan Luis Conde - SE-RET. Sociedad Espa\u00f1ola de Ret\u00f3rica<\/title>\n<meta name=\"robots\" content=\"index, follow, max-snippet:-1, max-image-preview:large, max-video-preview:-1\" \/>\n<link rel=\"canonical\" href=\"https:\/\/se-ret.org\/index.php\/2025\/10\/16\/presentacion-del-libro-convencer-o-morir-de-juan-luis-conde\/\" \/>\n<meta property=\"og:locale\" content=\"es_ES\" \/>\n<meta property=\"og:type\" content=\"article\" \/>\n<meta property=\"og:title\" content=\"Presentaci\u00f3n del libro &quot;Convencer o morir&quot; de Juan Luis Conde - SE-RET. Sociedad Espa\u00f1ola de Ret\u00f3rica\" \/>\n<meta property=\"og:description\" content=\"La presentaci\u00f3n del \u00faltimo libro de nuestro presidente, Juan Luis Conde, tendr\u00e1 lugar el jueves 23 de octubre a las 19:00 en el Espacio Dykinson (Calle Gaztambide 21, Madrid). Quedan todos invitados.\" \/>\n<meta property=\"og:url\" content=\"https:\/\/se-ret.org\/index.php\/2025\/10\/16\/presentacion-del-libro-convencer-o-morir-de-juan-luis-conde\/\" \/>\n<meta property=\"og:site_name\" content=\"SE-RET. Sociedad Espa\u00f1ola de Ret\u00f3rica\" \/>\n<meta property=\"article:published_time\" content=\"2025-10-16T19:36:39+00:00\" \/>\n<meta property=\"article:modified_time\" content=\"2025-10-16T19:39:47+00:00\" \/>\n<meta property=\"og:image\" content=\"https:\/\/se-ret.org\/wp-content\/uploads\/2025\/10\/Los-lugares-Invisibles-post-IG-4.jpg\" \/>\n\t<meta property=\"og:image:width\" content=\"1080\" \/>\n\t<meta property=\"og:image:height\" content=\"1350\" \/>\n\t<meta property=\"og:image:type\" content=\"image\/jpeg\" \/>\n<meta name=\"twitter:card\" content=\"summary_large_image\" \/>\n<meta name=\"twitter:label1\" content=\"Escrito por\" \/>\n\t<meta name=\"twitter:data1\" content=\"Mar\u00eda S\u00e1nchez Sergueeva\" \/>\n\t<meta name=\"twitter:label2\" content=\"Tiempo de lectura\" \/>\n\t<meta name=\"twitter:data2\" content=\"1 minuto\" \/>\n<script type=\"application\/ld+json\" class=\"yoast-schema-graph\">{\"@context\":\"https:\/\/schema.org\",\"@graph\":[{\"@type\":\"WebSite\",\"@id\":\"https:\/\/se-ret.org\/#website\",\"url\":\"https:\/\/se-ret.org\/\",\"name\":\"SE-RET. Sociedad Espa\u00f1ola de Ret\u00f3rica\",\"description\":\"\",\"potentialAction\":[{\"@type\":\"SearchAction\",\"target\":{\"@type\":\"EntryPoint\",\"urlTemplate\":\"https:\/\/se-ret.org\/?s={search_term_string}\"},\"query-input\":\"required name=search_term_string\"}],\"inLanguage\":\"es\"},{\"@type\":\"ImageObject\",\"@id\":\"https:\/\/se-ret.org\/index.php\/2025\/10\/16\/presentacion-del-libro-convencer-o-morir-de-juan-luis-conde\/#primaryimage\",\"inLanguage\":\"es\",\"url\":\"https:\/\/se-ret.org\/wp-content\/uploads\/2025\/10\/Los-lugares-Invisibles-post-IG-4.jpg\",\"contentUrl\":\"https:\/\/se-ret.org\/wp-content\/uploads\/2025\/10\/Los-lugares-Invisibles-post-IG-4.jpg\",\"width\":1080,\"height\":1350},{\"@type\":\"WebPage\",\"@id\":\"https:\/\/se-ret.org\/index.php\/2025\/10\/16\/presentacion-del-libro-convencer-o-morir-de-juan-luis-conde\/#webpage\",\"url\":\"https:\/\/se-ret.org\/index.php\/2025\/10\/16\/presentacion-del-libro-convencer-o-morir-de-juan-luis-conde\/\",\"name\":\"Presentaci\u00f3n del libro \\\"Convencer o morir\\\" de Juan Luis Conde - SE-RET. Sociedad Espa\u00f1ola de Ret\u00f3rica\",\"isPartOf\":{\"@id\":\"https:\/\/se-ret.org\/#website\"},\"primaryImageOfPage\":{\"@id\":\"https:\/\/se-ret.org\/index.php\/2025\/10\/16\/presentacion-del-libro-convencer-o-morir-de-juan-luis-conde\/#primaryimage\"},\"datePublished\":\"2025-10-16T19:36:39+00:00\",\"dateModified\":\"2025-10-16T19:39:47+00:00\",\"author\":{\"@id\":\"https:\/\/se-ret.org\/#\/schema\/person\/ce54b13c4f8b7addd0aa0065af8030ec\"},\"breadcrumb\":{\"@id\":\"https:\/\/se-ret.org\/index.php\/2025\/10\/16\/presentacion-del-libro-convencer-o-morir-de-juan-luis-conde\/#breadcrumb\"},\"inLanguage\":\"es\",\"potentialAction\":[{\"@type\":\"ReadAction\",\"target\":[\"https:\/\/se-ret.org\/index.php\/2025\/10\/16\/presentacion-del-libro-convencer-o-morir-de-juan-luis-conde\/\"]}]},{\"@type\":\"BreadcrumbList\",\"@id\":\"https:\/\/se-ret.org\/index.php\/2025\/10\/16\/presentacion-del-libro-convencer-o-morir-de-juan-luis-conde\/#breadcrumb\",\"itemListElement\":[{\"@type\":\"ListItem\",\"position\":1,\"name\":\"Portada\",\"item\":\"https:\/\/se-ret.org\/index.php\/noticias\/\"},{\"@type\":\"ListItem\",\"position\":2,\"name\":\"Presentaci\u00f3n del libro \u00abConvencer o morir\u00bb de Juan Luis Conde\"}]},{\"@type\":\"Person\",\"@id\":\"https:\/\/se-ret.org\/#\/schema\/person\/ce54b13c4f8b7addd0aa0065af8030ec\",\"name\":\"Mar\u00eda S\u00e1nchez Sergueeva\",\"url\":\"https:\/\/se-ret.org\/index.php\/author\/msanch65\/\"}]}<\/script>\n<!-- \/ Yoast SEO plugin. -->","yoast_head_json":{"title":"Presentaci\u00f3n del libro \"Convencer o morir\" de Juan Luis Conde - SE-RET. Sociedad Espa\u00f1ola de Ret\u00f3rica","robots":{"index":"index","follow":"follow","max-snippet":"max-snippet:-1","max-image-preview":"max-image-preview:large","max-video-preview":"max-video-preview:-1"},"canonical":"https:\/\/se-ret.org\/index.php\/2025\/10\/16\/presentacion-del-libro-convencer-o-morir-de-juan-luis-conde\/","og_locale":"es_ES","og_type":"article","og_title":"Presentaci\u00f3n del libro \"Convencer o morir\" de Juan Luis Conde - SE-RET. Sociedad Espa\u00f1ola de Ret\u00f3rica","og_description":"La presentaci\u00f3n del \u00faltimo libro de nuestro presidente, Juan Luis Conde, tendr\u00e1 lugar el jueves 23 de octubre a las 19:00 en el Espacio Dykinson (Calle Gaztambide 21, Madrid). Quedan todos invitados.","og_url":"https:\/\/se-ret.org\/index.php\/2025\/10\/16\/presentacion-del-libro-convencer-o-morir-de-juan-luis-conde\/","og_site_name":"SE-RET. Sociedad Espa\u00f1ola de Ret\u00f3rica","article_published_time":"2025-10-16T19:36:39+00:00","article_modified_time":"2025-10-16T19:39:47+00:00","og_image":[{"width":1080,"height":1350,"url":"https:\/\/se-ret.org\/wp-content\/uploads\/2025\/10\/Los-lugares-Invisibles-post-IG-4.jpg","type":"image\/jpeg"}],"twitter_card":"summary_large_image","twitter_misc":{"Escrito por":"Mar\u00eda S\u00e1nchez Sergueeva","Tiempo de lectura":"1 minuto"},"schema":{"@context":"https:\/\/schema.org","@graph":[{"@type":"WebSite","@id":"https:\/\/se-ret.org\/#website","url":"https:\/\/se-ret.org\/","name":"SE-RET. Sociedad Espa\u00f1ola de Ret\u00f3rica","description":"","potentialAction":[{"@type":"SearchAction","target":{"@type":"EntryPoint","urlTemplate":"https:\/\/se-ret.org\/?s={search_term_string}"},"query-input":"required name=search_term_string"}],"inLanguage":"es"},{"@type":"ImageObject","@id":"https:\/\/se-ret.org\/index.php\/2025\/10\/16\/presentacion-del-libro-convencer-o-morir-de-juan-luis-conde\/#primaryimage","inLanguage":"es","url":"https:\/\/se-ret.org\/wp-content\/uploads\/2025\/10\/Los-lugares-Invisibles-post-IG-4.jpg","contentUrl":"https:\/\/se-ret.org\/wp-content\/uploads\/2025\/10\/Los-lugares-Invisibles-post-IG-4.jpg","width":1080,"height":1350},{"@type":"WebPage","@id":"https:\/\/se-ret.org\/index.php\/2025\/10\/16\/presentacion-del-libro-convencer-o-morir-de-juan-luis-conde\/#webpage","url":"https:\/\/se-ret.org\/index.php\/2025\/10\/16\/presentacion-del-libro-convencer-o-morir-de-juan-luis-conde\/","name":"Presentaci\u00f3n del libro \"Convencer o morir\" de Juan Luis Conde - SE-RET. Sociedad Espa\u00f1ola de Ret\u00f3rica","isPartOf":{"@id":"https:\/\/se-ret.org\/#website"},"primaryImageOfPage":{"@id":"https:\/\/se-ret.org\/index.php\/2025\/10\/16\/presentacion-del-libro-convencer-o-morir-de-juan-luis-conde\/#primaryimage"},"datePublished":"2025-10-16T19:36:39+00:00","dateModified":"2025-10-16T19:39:47+00:00","author":{"@id":"https:\/\/se-ret.org\/#\/schema\/person\/ce54b13c4f8b7addd0aa0065af8030ec"},"breadcrumb":{"@id":"https:\/\/se-ret.org\/index.php\/2025\/10\/16\/presentacion-del-libro-convencer-o-morir-de-juan-luis-conde\/#breadcrumb"},"inLanguage":"es","potentialAction":[{"@type":"ReadAction","target":["https:\/\/se-ret.org\/index.php\/2025\/10\/16\/presentacion-del-libro-convencer-o-morir-de-juan-luis-conde\/"]}]},{"@type":"BreadcrumbList","@id":"https:\/\/se-ret.org\/index.php\/2025\/10\/16\/presentacion-del-libro-convencer-o-morir-de-juan-luis-conde\/#breadcrumb","itemListElement":[{"@type":"ListItem","position":1,"name":"Portada","item":"https:\/\/se-ret.org\/index.php\/noticias\/"},{"@type":"ListItem","position":2,"name":"Presentaci\u00f3n del libro \u00abConvencer o morir\u00bb de Juan Luis Conde"}]},{"@type":"Person","@id":"https:\/\/se-ret.org\/#\/schema\/person\/ce54b13c4f8b7addd0aa0065af8030ec","name":"Mar\u00eda S\u00e1nchez Sergueeva","url":"https:\/\/se-ret.org\/index.php\/author\/msanch65\/"}]}},"_links":{"self":[{"href":"https:\/\/se-ret.org\/index.php\/wp-json\/wp\/v2\/posts\/1846"}],"collection":[{"href":"https:\/\/se-ret.org\/index.php\/wp-json\/wp\/v2\/posts"}],"about":[{"href":"https:\/\/se-ret.org\/index.php\/wp-json\/wp\/v2\/types\/post"}],"author":[{"embeddable":true,"href":"https:\/\/se-ret.org\/index.php\/wp-json\/wp\/v2\/users\/5"}],"replies":[{"embeddable":true,"href":"https:\/\/se-ret.org\/index.php\/wp-json\/wp\/v2\/comments?post=1846"}],"version-history":[{"count":2,"href":"https:\/\/se-ret.org\/index.php\/wp-json\/wp\/v2\/posts\/1846\/revisions"}],"predecessor-version":[{"id":1851,"href":"https:\/\/se-ret.org\/index.php\/wp-json\/wp\/v2\/posts\/1846\/revisions\/1851"}],"wp:featuredmedia":[{"embeddable":true,"href":"https:\/\/se-ret.org\/index.php\/wp-json\/wp\/v2\/media\/1847"}],"wp:attachment":[{"href":"https:\/\/se-ret.org\/index.php\/wp-json\/wp\/v2\/media?parent=1846"}],"wp:term":[{"taxonomy":"category","embeddable":true,"href":"https:\/\/se-ret.org\/index.php\/wp-json\/wp\/v2\/categories?post=1846"},{"taxonomy":"post_tag","embeddable":true,"href":"https:\/\/se-ret.org\/index.php\/wp-json\/wp\/v2\/tags?post=1846"}],"curies":[{"name":"wp","href":"https:\/\/api.w.org\/{rel}","templated":true}]}}