{"id":1693,"date":"2025-03-01T08:29:32","date_gmt":"2025-03-01T07:29:32","guid":{"rendered":"https:\/\/se-ret.org\/?p=1693"},"modified":"2025-03-01T08:29:34","modified_gmt":"2025-03-01T07:29:34","slug":"videos-del-iv-encuentro-iberoamericano-de-retorica-y-i-congreso-internacional-de-la-sociedad-espanola-de-retorica-pura-retorica-tradicion-y-modernidad-en-los-estudios-del-discurso","status":"publish","type":"post","link":"https:\/\/se-ret.org\/index.php\/2025\/03\/01\/videos-del-iv-encuentro-iberoamericano-de-retorica-y-i-congreso-internacional-de-la-sociedad-espanola-de-retorica-pura-retorica-tradicion-y-modernidad-en-los-estudios-del-discurso\/","title":{"rendered":"V\u00eddeos del IV Encuentro  Iberoamericano de Ret\u00f3rica y I Congreso Internacional de la Sociedad  Espa\u00f1ola de Ret\u00f3rica: \u00abPura Ret\u00f3rica: Tradici\u00f3n y Modernidad en los  Estudios del Discurso\u00bb"},"content":{"rendered":"\n<p>los v\u00eddeos de las sesiones (conferencias plenarias y mesas paralelas) del <strong>IV Encuentro Iberoamericano de Ret\u00f3rica y I Congreso Internacional de la Sociedad Espa\u00f1ola de Ret\u00f3rica: \u00abPura Ret\u00f3rica: Tradici\u00f3n y Modernidad en los Estudios del Discurso\u00bb<\/strong>, que tuvo lugar del 4 al 6 de septiembre de 2024 en la Universidad de Alicante (Espa\u00f1a), han sido publicados y se encuentran a disposici\u00f3n de las personas interesadas. Son accesibles a trav\u00e9s de la p\u00e1gina web de la <a href=\"https:\/\/web.ua.es\/es\/oiberoamericanaretorica\/documentos.html\">OIR<\/a>. <\/p>\n","protected":false},"excerpt":{"rendered":"<p>los v\u00eddeos de las sesiones (conferencias plenarias y mesas paralelas) del IV Encuentro Iberoamericano de Ret\u00f3rica y I Congreso Internacional de la Sociedad Espa\u00f1ola de Ret\u00f3rica: \u00abPura Ret\u00f3rica: Tradici\u00f3n y Modernidad en los Estudios del Discurso\u00bb, que tuvo lugar del 4 al 6 de septiembre de 2024 en la Universidad de Alicante (Espa\u00f1a), han sido [&hellip;]<\/p>\n","protected":false},"author":4,"featured_media":1694,"comment_status":"closed","ping_status":"closed","sticky":false,"template":"","format":"standard","meta":[],"categories":[1],"tags":[],"yoast_head":"<!-- This site is optimized with the Yoast SEO plugin v18.6 - https:\/\/yoast.com\/wordpress\/plugins\/seo\/ -->\n<title>V\u00eddeos del IV Encuentro Iberoamericano de Ret\u00f3rica y I Congreso Internacional de la Sociedad Espa\u00f1ola de Ret\u00f3rica: \u00abPura Ret\u00f3rica: Tradici\u00f3n y Modernidad en los Estudios del Discurso\u00bb - SE-RET. Sociedad Espa\u00f1ola de Ret\u00f3rica<\/title>\n<meta name=\"robots\" content=\"index, follow, max-snippet:-1, max-image-preview:large, max-video-preview:-1\" \/>\n<link rel=\"canonical\" href=\"https:\/\/se-ret.org\/index.php\/2025\/03\/01\/videos-del-iv-encuentro-iberoamericano-de-retorica-y-i-congreso-internacional-de-la-sociedad-espanola-de-retorica-pura-retorica-tradicion-y-modernidad-en-los-estudios-del-discurso\/\" \/>\n<meta property=\"og:locale\" content=\"es_ES\" \/>\n<meta property=\"og:type\" content=\"article\" \/>\n<meta property=\"og:title\" content=\"V\u00eddeos del IV Encuentro Iberoamericano de Ret\u00f3rica y I Congreso Internacional de la Sociedad Espa\u00f1ola de Ret\u00f3rica: \u00abPura Ret\u00f3rica: Tradici\u00f3n y Modernidad en los Estudios del Discurso\u00bb - SE-RET. Sociedad Espa\u00f1ola de Ret\u00f3rica\" \/>\n<meta property=\"og:description\" content=\"los v\u00eddeos de las sesiones (conferencias plenarias y mesas paralelas) del IV Encuentro Iberoamericano de Ret\u00f3rica y I Congreso Internacional de la Sociedad Espa\u00f1ola de Ret\u00f3rica: \u00abPura Ret\u00f3rica: Tradici\u00f3n y Modernidad en los Estudios del Discurso\u00bb, que tuvo lugar del 4 al 6 de septiembre de 2024 en la Universidad de Alicante (Espa\u00f1a), han sido [&hellip;]\" \/>\n<meta property=\"og:url\" content=\"https:\/\/se-ret.org\/index.php\/2025\/03\/01\/videos-del-iv-encuentro-iberoamericano-de-retorica-y-i-congreso-internacional-de-la-sociedad-espanola-de-retorica-pura-retorica-tradicion-y-modernidad-en-los-estudios-del-discurso\/\" \/>\n<meta property=\"og:site_name\" content=\"SE-RET. Sociedad Espa\u00f1ola de Ret\u00f3rica\" \/>\n<meta property=\"article:published_time\" content=\"2025-03-01T07:29:32+00:00\" \/>\n<meta property=\"article:modified_time\" content=\"2025-03-01T07:29:34+00:00\" \/>\n<meta property=\"og:image\" content=\"https:\/\/se-ret.org\/wp-content\/uploads\/2025\/03\/OIR-logotipo.jpg\" \/>\n\t<meta property=\"og:image:width\" content=\"512\" \/>\n\t<meta property=\"og:image:height\" content=\"485\" \/>\n\t<meta property=\"og:image:type\" content=\"image\/jpeg\" \/>\n<meta name=\"twitter:card\" content=\"summary_large_image\" \/>\n<meta name=\"twitter:label1\" content=\"Escrito por\" \/>\n\t<meta name=\"twitter:data1\" content=\"Marta Ramos Gran\u00e9\" \/>\n\t<meta name=\"twitter:label2\" content=\"Tiempo de lectura\" \/>\n\t<meta name=\"twitter:data2\" content=\"1 minuto\" \/>\n<script type=\"application\/ld+json\" class=\"yoast-schema-graph\">{\"@context\":\"https:\/\/schema.org\",\"@graph\":[{\"@type\":\"WebSite\",\"@id\":\"https:\/\/se-ret.org\/#website\",\"url\":\"https:\/\/se-ret.org\/\",\"name\":\"SE-RET. Sociedad Espa\u00f1ola de Ret\u00f3rica\",\"description\":\"\",\"potentialAction\":[{\"@type\":\"SearchAction\",\"target\":{\"@type\":\"EntryPoint\",\"urlTemplate\":\"https:\/\/se-ret.org\/?s={search_term_string}\"},\"query-input\":\"required name=search_term_string\"}],\"inLanguage\":\"es\"},{\"@type\":\"ImageObject\",\"@id\":\"https:\/\/se-ret.org\/index.php\/2025\/03\/01\/videos-del-iv-encuentro-iberoamericano-de-retorica-y-i-congreso-internacional-de-la-sociedad-espanola-de-retorica-pura-retorica-tradicion-y-modernidad-en-los-estudios-del-discurso\/#primaryimage\",\"inLanguage\":\"es\",\"url\":\"https:\/\/se-ret.org\/wp-content\/uploads\/2025\/03\/OIR-logotipo.jpg\",\"contentUrl\":\"https:\/\/se-ret.org\/wp-content\/uploads\/2025\/03\/OIR-logotipo.jpg\",\"width\":512,\"height\":485},{\"@type\":\"WebPage\",\"@id\":\"https:\/\/se-ret.org\/index.php\/2025\/03\/01\/videos-del-iv-encuentro-iberoamericano-de-retorica-y-i-congreso-internacional-de-la-sociedad-espanola-de-retorica-pura-retorica-tradicion-y-modernidad-en-los-estudios-del-discurso\/#webpage\",\"url\":\"https:\/\/se-ret.org\/index.php\/2025\/03\/01\/videos-del-iv-encuentro-iberoamericano-de-retorica-y-i-congreso-internacional-de-la-sociedad-espanola-de-retorica-pura-retorica-tradicion-y-modernidad-en-los-estudios-del-discurso\/\",\"name\":\"V\u00eddeos del IV Encuentro Iberoamericano de Ret\u00f3rica y I Congreso Internacional de la Sociedad Espa\u00f1ola de Ret\u00f3rica: \u00abPura Ret\u00f3rica: Tradici\u00f3n y Modernidad en los Estudios del Discurso\u00bb - SE-RET. Sociedad Espa\u00f1ola de Ret\u00f3rica\",\"isPartOf\":{\"@id\":\"https:\/\/se-ret.org\/#website\"},\"primaryImageOfPage\":{\"@id\":\"https:\/\/se-ret.org\/index.php\/2025\/03\/01\/videos-del-iv-encuentro-iberoamericano-de-retorica-y-i-congreso-internacional-de-la-sociedad-espanola-de-retorica-pura-retorica-tradicion-y-modernidad-en-los-estudios-del-discurso\/#primaryimage\"},\"datePublished\":\"2025-03-01T07:29:32+00:00\",\"dateModified\":\"2025-03-01T07:29:34+00:00\",\"author\":{\"@id\":\"https:\/\/se-ret.org\/#\/schema\/person\/83c76b036853f04f28ef39a2c79041f9\"},\"breadcrumb\":{\"@id\":\"https:\/\/se-ret.org\/index.php\/2025\/03\/01\/videos-del-iv-encuentro-iberoamericano-de-retorica-y-i-congreso-internacional-de-la-sociedad-espanola-de-retorica-pura-retorica-tradicion-y-modernidad-en-los-estudios-del-discurso\/#breadcrumb\"},\"inLanguage\":\"es\",\"potentialAction\":[{\"@type\":\"ReadAction\",\"target\":[\"https:\/\/se-ret.org\/index.php\/2025\/03\/01\/videos-del-iv-encuentro-iberoamericano-de-retorica-y-i-congreso-internacional-de-la-sociedad-espanola-de-retorica-pura-retorica-tradicion-y-modernidad-en-los-estudios-del-discurso\/\"]}]},{\"@type\":\"BreadcrumbList\",\"@id\":\"https:\/\/se-ret.org\/index.php\/2025\/03\/01\/videos-del-iv-encuentro-iberoamericano-de-retorica-y-i-congreso-internacional-de-la-sociedad-espanola-de-retorica-pura-retorica-tradicion-y-modernidad-en-los-estudios-del-discurso\/#breadcrumb\",\"itemListElement\":[{\"@type\":\"ListItem\",\"position\":1,\"name\":\"Portada\",\"item\":\"https:\/\/se-ret.org\/index.php\/noticias\/\"},{\"@type\":\"ListItem\",\"position\":2,\"name\":\"V\u00eddeos del IV Encuentro Iberoamericano de Ret\u00f3rica y I Congreso Internacional de la Sociedad Espa\u00f1ola de Ret\u00f3rica: \u00abPura Ret\u00f3rica: Tradici\u00f3n y Modernidad en los Estudios del Discurso\u00bb\"}]},{\"@type\":\"Person\",\"@id\":\"https:\/\/se-ret.org\/#\/schema\/person\/83c76b036853f04f28ef39a2c79041f9\",\"name\":\"Marta Ramos Gran\u00e9\",\"url\":\"https:\/\/se-ret.org\/index.php\/author\/mrgraneujaen-es\/\"}]}<\/script>\n<!-- \/ Yoast SEO plugin. -->","yoast_head_json":{"title":"V\u00eddeos del IV Encuentro Iberoamericano de Ret\u00f3rica y I Congreso Internacional de la Sociedad Espa\u00f1ola de Ret\u00f3rica: \u00abPura Ret\u00f3rica: Tradici\u00f3n y Modernidad en los Estudios del Discurso\u00bb - SE-RET. Sociedad Espa\u00f1ola de Ret\u00f3rica","robots":{"index":"index","follow":"follow","max-snippet":"max-snippet:-1","max-image-preview":"max-image-preview:large","max-video-preview":"max-video-preview:-1"},"canonical":"https:\/\/se-ret.org\/index.php\/2025\/03\/01\/videos-del-iv-encuentro-iberoamericano-de-retorica-y-i-congreso-internacional-de-la-sociedad-espanola-de-retorica-pura-retorica-tradicion-y-modernidad-en-los-estudios-del-discurso\/","og_locale":"es_ES","og_type":"article","og_title":"V\u00eddeos del IV Encuentro Iberoamericano de Ret\u00f3rica y I Congreso Internacional de la Sociedad Espa\u00f1ola de Ret\u00f3rica: \u00abPura Ret\u00f3rica: Tradici\u00f3n y Modernidad en los Estudios del Discurso\u00bb - SE-RET. Sociedad Espa\u00f1ola de Ret\u00f3rica","og_description":"los v\u00eddeos de las sesiones (conferencias plenarias y mesas paralelas) del IV Encuentro Iberoamericano de Ret\u00f3rica y I Congreso Internacional de la Sociedad Espa\u00f1ola de Ret\u00f3rica: \u00abPura Ret\u00f3rica: Tradici\u00f3n y Modernidad en los Estudios del Discurso\u00bb, que tuvo lugar del 4 al 6 de septiembre de 2024 en la Universidad de Alicante (Espa\u00f1a), han sido [&hellip;]","og_url":"https:\/\/se-ret.org\/index.php\/2025\/03\/01\/videos-del-iv-encuentro-iberoamericano-de-retorica-y-i-congreso-internacional-de-la-sociedad-espanola-de-retorica-pura-retorica-tradicion-y-modernidad-en-los-estudios-del-discurso\/","og_site_name":"SE-RET. Sociedad Espa\u00f1ola de Ret\u00f3rica","article_published_time":"2025-03-01T07:29:32+00:00","article_modified_time":"2025-03-01T07:29:34+00:00","og_image":[{"width":512,"height":485,"url":"https:\/\/se-ret.org\/wp-content\/uploads\/2025\/03\/OIR-logotipo.jpg","type":"image\/jpeg"}],"twitter_card":"summary_large_image","twitter_misc":{"Escrito por":"Marta Ramos Gran\u00e9","Tiempo de lectura":"1 minuto"},"schema":{"@context":"https:\/\/schema.org","@graph":[{"@type":"WebSite","@id":"https:\/\/se-ret.org\/#website","url":"https:\/\/se-ret.org\/","name":"SE-RET. Sociedad Espa\u00f1ola de Ret\u00f3rica","description":"","potentialAction":[{"@type":"SearchAction","target":{"@type":"EntryPoint","urlTemplate":"https:\/\/se-ret.org\/?s={search_term_string}"},"query-input":"required name=search_term_string"}],"inLanguage":"es"},{"@type":"ImageObject","@id":"https:\/\/se-ret.org\/index.php\/2025\/03\/01\/videos-del-iv-encuentro-iberoamericano-de-retorica-y-i-congreso-internacional-de-la-sociedad-espanola-de-retorica-pura-retorica-tradicion-y-modernidad-en-los-estudios-del-discurso\/#primaryimage","inLanguage":"es","url":"https:\/\/se-ret.org\/wp-content\/uploads\/2025\/03\/OIR-logotipo.jpg","contentUrl":"https:\/\/se-ret.org\/wp-content\/uploads\/2025\/03\/OIR-logotipo.jpg","width":512,"height":485},{"@type":"WebPage","@id":"https:\/\/se-ret.org\/index.php\/2025\/03\/01\/videos-del-iv-encuentro-iberoamericano-de-retorica-y-i-congreso-internacional-de-la-sociedad-espanola-de-retorica-pura-retorica-tradicion-y-modernidad-en-los-estudios-del-discurso\/#webpage","url":"https:\/\/se-ret.org\/index.php\/2025\/03\/01\/videos-del-iv-encuentro-iberoamericano-de-retorica-y-i-congreso-internacional-de-la-sociedad-espanola-de-retorica-pura-retorica-tradicion-y-modernidad-en-los-estudios-del-discurso\/","name":"V\u00eddeos del IV Encuentro Iberoamericano de Ret\u00f3rica y I Congreso Internacional de la Sociedad Espa\u00f1ola de Ret\u00f3rica: \u00abPura Ret\u00f3rica: Tradici\u00f3n y Modernidad en los Estudios del Discurso\u00bb - SE-RET. Sociedad Espa\u00f1ola de Ret\u00f3rica","isPartOf":{"@id":"https:\/\/se-ret.org\/#website"},"primaryImageOfPage":{"@id":"https:\/\/se-ret.org\/index.php\/2025\/03\/01\/videos-del-iv-encuentro-iberoamericano-de-retorica-y-i-congreso-internacional-de-la-sociedad-espanola-de-retorica-pura-retorica-tradicion-y-modernidad-en-los-estudios-del-discurso\/#primaryimage"},"datePublished":"2025-03-01T07:29:32+00:00","dateModified":"2025-03-01T07:29:34+00:00","author":{"@id":"https:\/\/se-ret.org\/#\/schema\/person\/83c76b036853f04f28ef39a2c79041f9"},"breadcrumb":{"@id":"https:\/\/se-ret.org\/index.php\/2025\/03\/01\/videos-del-iv-encuentro-iberoamericano-de-retorica-y-i-congreso-internacional-de-la-sociedad-espanola-de-retorica-pura-retorica-tradicion-y-modernidad-en-los-estudios-del-discurso\/#breadcrumb"},"inLanguage":"es","potentialAction":[{"@type":"ReadAction","target":["https:\/\/se-ret.org\/index.php\/2025\/03\/01\/videos-del-iv-encuentro-iberoamericano-de-retorica-y-i-congreso-internacional-de-la-sociedad-espanola-de-retorica-pura-retorica-tradicion-y-modernidad-en-los-estudios-del-discurso\/"]}]},{"@type":"BreadcrumbList","@id":"https:\/\/se-ret.org\/index.php\/2025\/03\/01\/videos-del-iv-encuentro-iberoamericano-de-retorica-y-i-congreso-internacional-de-la-sociedad-espanola-de-retorica-pura-retorica-tradicion-y-modernidad-en-los-estudios-del-discurso\/#breadcrumb","itemListElement":[{"@type":"ListItem","position":1,"name":"Portada","item":"https:\/\/se-ret.org\/index.php\/noticias\/"},{"@type":"ListItem","position":2,"name":"V\u00eddeos del IV Encuentro Iberoamericano de Ret\u00f3rica y I Congreso Internacional de la Sociedad Espa\u00f1ola de Ret\u00f3rica: \u00abPura Ret\u00f3rica: Tradici\u00f3n y Modernidad en los Estudios del Discurso\u00bb"}]},{"@type":"Person","@id":"https:\/\/se-ret.org\/#\/schema\/person\/83c76b036853f04f28ef39a2c79041f9","name":"Marta Ramos Gran\u00e9","url":"https:\/\/se-ret.org\/index.php\/author\/mrgraneujaen-es\/"}]}},"_links":{"self":[{"href":"https:\/\/se-ret.org\/index.php\/wp-json\/wp\/v2\/posts\/1693"}],"collection":[{"href":"https:\/\/se-ret.org\/index.php\/wp-json\/wp\/v2\/posts"}],"about":[{"href":"https:\/\/se-ret.org\/index.php\/wp-json\/wp\/v2\/types\/post"}],"author":[{"embeddable":true,"href":"https:\/\/se-ret.org\/index.php\/wp-json\/wp\/v2\/users\/4"}],"replies":[{"embeddable":true,"href":"https:\/\/se-ret.org\/index.php\/wp-json\/wp\/v2\/comments?post=1693"}],"version-history":[{"count":1,"href":"https:\/\/se-ret.org\/index.php\/wp-json\/wp\/v2\/posts\/1693\/revisions"}],"predecessor-version":[{"id":1695,"href":"https:\/\/se-ret.org\/index.php\/wp-json\/wp\/v2\/posts\/1693\/revisions\/1695"}],"wp:featuredmedia":[{"embeddable":true,"href":"https:\/\/se-ret.org\/index.php\/wp-json\/wp\/v2\/media\/1694"}],"wp:attachment":[{"href":"https:\/\/se-ret.org\/index.php\/wp-json\/wp\/v2\/media?parent=1693"}],"wp:term":[{"taxonomy":"category","embeddable":true,"href":"https:\/\/se-ret.org\/index.php\/wp-json\/wp\/v2\/categories?post=1693"},{"taxonomy":"post_tag","embeddable":true,"href":"https:\/\/se-ret.org\/index.php\/wp-json\/wp\/v2\/tags?post=1693"}],"curies":[{"name":"wp","href":"https:\/\/api.w.org\/{rel}","templated":true}]}}