{"id":1676,"date":"2025-02-20T21:14:15","date_gmt":"2025-02-20T20:14:15","guid":{"rendered":"https:\/\/se-ret.org\/?p=1676"},"modified":"2025-02-20T21:18:33","modified_gmt":"2025-02-20T20:18:33","slug":"vii-congreso-internacional-de-retorica-e-interdisciplina-y-viii-coloquio-nacional-de-retorica","status":"publish","type":"post","link":"https:\/\/se-ret.org\/index.php\/2025\/02\/20\/vii-congreso-internacional-de-retorica-e-interdisciplina-y-viii-coloquio-nacional-de-retorica\/","title":{"rendered":"VII Congreso Internacional de Ret\u00f3rica e Interdisciplina y VIII Coloquio Nacional de Ret\u00f3rica"},"content":{"rendered":"\n<p>Los<strong> d\u00edas 29, 30 y 31 de octubre de 2025<\/strong> tendr\u00e1 lugar en la<strong> Universidad Nacional de La Plata<\/strong> (Argentina) el <strong>VII Congreso Internacional de Ret\u00f3rica e Interdisciplina y el VIII Coloquio Nacional de Ret\u00f3rica \u201cRet\u00f3rica y g\u00e9neros del discurso\u201d<\/strong>, que organiza la Asociaci\u00f3n Argentina de Ret\u00f3rica (<strong>AAR<\/strong>) y la Facultad de Humanidades y Ciencias de la Educaci\u00f3n de la Universidad Nacional de La Plata. <\/p>\n\n\n\n<p>A continuaci\u00f3n les adjuntamos la siguiente <strong>circular <\/strong>con toda la<strong> informaci\u00f3n para participar<\/strong>.<\/p>\n\n\n\n<div class=\"wp-block-file\"><object class=\"wp-block-file__embed\" data=\"https:\/\/se-ret.org\/wp-content\/uploads\/2025\/02\/PRIMERA-CIRCULAR-Congreso-Coloquio-AAR-UNLP-La-Plata-Argentina-2025.pdf\" type=\"application\/pdf\" style=\"width:100%;height:714px\" aria-label=\"Incrustado de PRIMERA-CIRCULAR-Congreso-Coloquio-AAR-UNLP-La-Plata-Argentina-2025.\"><\/object><a id=\"wp-block-file--media-a04adabd-d8d9-401b-8fcd-0caa66e1ecec\" href=\"https:\/\/se-ret.org\/wp-content\/uploads\/2025\/02\/PRIMERA-CIRCULAR-Congreso-Coloquio-AAR-UNLP-La-Plata-Argentina-2025.pdf\">PRIMERA-CIRCULAR-Congreso-Coloquio-AAR-UNLP-La-Plata-Argentina-2025<\/a><a href=\"https:\/\/se-ret.org\/wp-content\/uploads\/2025\/02\/PRIMERA-CIRCULAR-Congreso-Coloquio-AAR-UNLP-La-Plata-Argentina-2025.pdf\" class=\"wp-block-file__button\" download aria-describedby=\"wp-block-file--media-a04adabd-d8d9-401b-8fcd-0caa66e1ecec\">Descarga<\/a><\/div>\n","protected":false},"excerpt":{"rendered":"<p>Los d\u00edas 29, 30 y 31 de octubre de 2025 tendr\u00e1 lugar en la Universidad Nacional de La Plata (Argentina) el VII Congreso Internacional de Ret\u00f3rica e Interdisciplina y el VIII Coloquio Nacional de Ret\u00f3rica \u201cRet\u00f3rica y g\u00e9neros del discurso\u201d, que organiza la Asociaci\u00f3n Argentina de Ret\u00f3rica (AAR) y la Facultad de Humanidades y Ciencias [&hellip;]<\/p>\n","protected":false},"author":5,"featured_media":1683,"comment_status":"closed","ping_status":"closed","sticky":false,"template":"","format":"standard","meta":[],"categories":[1],"tags":[],"yoast_head":"<!-- This site is optimized with the Yoast SEO plugin v18.6 - https:\/\/yoast.com\/wordpress\/plugins\/seo\/ -->\n<title>VII Congreso Internacional de Ret\u00f3rica e Interdisciplina y VIII Coloquio Nacional de Ret\u00f3rica - SE-RET. Sociedad Espa\u00f1ola de Ret\u00f3rica<\/title>\n<meta name=\"description\" content=\"Primera circular del VII Congreso Internacional de Ret\u00f3rica e Interdisciplina y el VIII Coloquio Nacional de Ret\u00f3rica &quot;Ret\u00f3rica y g\u00e9neros del discurso&quot;\" \/>\n<meta name=\"robots\" content=\"index, follow, max-snippet:-1, max-image-preview:large, max-video-preview:-1\" \/>\n<link rel=\"canonical\" href=\"https:\/\/se-ret.org\/index.php\/2025\/02\/20\/vii-congreso-internacional-de-retorica-e-interdisciplina-y-viii-coloquio-nacional-de-retorica\/\" \/>\n<meta property=\"og:locale\" content=\"es_ES\" \/>\n<meta property=\"og:type\" content=\"article\" \/>\n<meta property=\"og:title\" content=\"VII Congreso Internacional de Ret\u00f3rica e Interdisciplina y VIII Coloquio Nacional de Ret\u00f3rica - SE-RET. Sociedad Espa\u00f1ola de Ret\u00f3rica\" \/>\n<meta property=\"og:description\" content=\"Primera circular del VII Congreso Internacional de Ret\u00f3rica e Interdisciplina y el VIII Coloquio Nacional de Ret\u00f3rica &quot;Ret\u00f3rica y g\u00e9neros del discurso&quot;\" \/>\n<meta property=\"og:url\" content=\"https:\/\/se-ret.org\/index.php\/2025\/02\/20\/vii-congreso-internacional-de-retorica-e-interdisciplina-y-viii-coloquio-nacional-de-retorica\/\" \/>\n<meta property=\"og:site_name\" content=\"SE-RET. Sociedad Espa\u00f1ola de Ret\u00f3rica\" \/>\n<meta property=\"article:published_time\" content=\"2025-02-20T20:14:15+00:00\" \/>\n<meta property=\"article:modified_time\" content=\"2025-02-20T20:18:33+00:00\" \/>\n<meta property=\"og:image\" content=\"https:\/\/se-ret.org\/wp-content\/uploads\/2025\/02\/Congreso-Coloquio-AAR-2025.jpg\" \/>\n\t<meta property=\"og:image:width\" content=\"686\" \/>\n\t<meta property=\"og:image:height\" content=\"740\" \/>\n\t<meta property=\"og:image:type\" content=\"image\/jpeg\" \/>\n<meta name=\"twitter:card\" content=\"summary_large_image\" \/>\n<meta name=\"twitter:label1\" content=\"Escrito por\" \/>\n\t<meta name=\"twitter:data1\" content=\"Mar\u00eda S\u00e1nchez Sergueeva\" \/>\n\t<meta name=\"twitter:label2\" content=\"Tiempo de lectura\" \/>\n\t<meta name=\"twitter:data2\" content=\"1 minuto\" \/>\n<script type=\"application\/ld+json\" class=\"yoast-schema-graph\">{\"@context\":\"https:\/\/schema.org\",\"@graph\":[{\"@type\":\"WebSite\",\"@id\":\"https:\/\/se-ret.org\/#website\",\"url\":\"https:\/\/se-ret.org\/\",\"name\":\"SE-RET. Sociedad Espa\u00f1ola de Ret\u00f3rica\",\"description\":\"\",\"potentialAction\":[{\"@type\":\"SearchAction\",\"target\":{\"@type\":\"EntryPoint\",\"urlTemplate\":\"https:\/\/se-ret.org\/?s={search_term_string}\"},\"query-input\":\"required name=search_term_string\"}],\"inLanguage\":\"es\"},{\"@type\":\"ImageObject\",\"@id\":\"https:\/\/se-ret.org\/index.php\/2025\/02\/20\/vii-congreso-internacional-de-retorica-e-interdisciplina-y-viii-coloquio-nacional-de-retorica\/#primaryimage\",\"inLanguage\":\"es\",\"url\":\"https:\/\/se-ret.org\/wp-content\/uploads\/2025\/02\/Congreso-Coloquio-AAR-2025.jpg\",\"contentUrl\":\"https:\/\/se-ret.org\/wp-content\/uploads\/2025\/02\/Congreso-Coloquio-AAR-2025.jpg\",\"width\":686,\"height\":740},{\"@type\":\"WebPage\",\"@id\":\"https:\/\/se-ret.org\/index.php\/2025\/02\/20\/vii-congreso-internacional-de-retorica-e-interdisciplina-y-viii-coloquio-nacional-de-retorica\/#webpage\",\"url\":\"https:\/\/se-ret.org\/index.php\/2025\/02\/20\/vii-congreso-internacional-de-retorica-e-interdisciplina-y-viii-coloquio-nacional-de-retorica\/\",\"name\":\"VII Congreso Internacional de Ret\u00f3rica e Interdisciplina y VIII Coloquio Nacional de Ret\u00f3rica - SE-RET. Sociedad Espa\u00f1ola de Ret\u00f3rica\",\"isPartOf\":{\"@id\":\"https:\/\/se-ret.org\/#website\"},\"primaryImageOfPage\":{\"@id\":\"https:\/\/se-ret.org\/index.php\/2025\/02\/20\/vii-congreso-internacional-de-retorica-e-interdisciplina-y-viii-coloquio-nacional-de-retorica\/#primaryimage\"},\"datePublished\":\"2025-02-20T20:14:15+00:00\",\"dateModified\":\"2025-02-20T20:18:33+00:00\",\"author\":{\"@id\":\"https:\/\/se-ret.org\/#\/schema\/person\/ce54b13c4f8b7addd0aa0065af8030ec\"},\"description\":\"Primera circular del VII Congreso Internacional de Ret\u00f3rica e Interdisciplina y el VIII Coloquio Nacional de Ret\u00f3rica \\\"Ret\u00f3rica y g\u00e9neros del discurso\\\"\",\"breadcrumb\":{\"@id\":\"https:\/\/se-ret.org\/index.php\/2025\/02\/20\/vii-congreso-internacional-de-retorica-e-interdisciplina-y-viii-coloquio-nacional-de-retorica\/#breadcrumb\"},\"inLanguage\":\"es\",\"potentialAction\":[{\"@type\":\"ReadAction\",\"target\":[\"https:\/\/se-ret.org\/index.php\/2025\/02\/20\/vii-congreso-internacional-de-retorica-e-interdisciplina-y-viii-coloquio-nacional-de-retorica\/\"]}]},{\"@type\":\"BreadcrumbList\",\"@id\":\"https:\/\/se-ret.org\/index.php\/2025\/02\/20\/vii-congreso-internacional-de-retorica-e-interdisciplina-y-viii-coloquio-nacional-de-retorica\/#breadcrumb\",\"itemListElement\":[{\"@type\":\"ListItem\",\"position\":1,\"name\":\"Portada\",\"item\":\"https:\/\/se-ret.org\/index.php\/noticias\/\"},{\"@type\":\"ListItem\",\"position\":2,\"name\":\"VII Congreso Internacional de Ret\u00f3rica e Interdisciplina y VIII Coloquio Nacional de Ret\u00f3rica\"}]},{\"@type\":\"Person\",\"@id\":\"https:\/\/se-ret.org\/#\/schema\/person\/ce54b13c4f8b7addd0aa0065af8030ec\",\"name\":\"Mar\u00eda S\u00e1nchez Sergueeva\",\"url\":\"https:\/\/se-ret.org\/index.php\/author\/msanch65\/\"}]}<\/script>\n<!-- \/ Yoast SEO plugin. -->","yoast_head_json":{"title":"VII Congreso Internacional de Ret\u00f3rica e Interdisciplina y VIII Coloquio Nacional de Ret\u00f3rica - SE-RET. Sociedad Espa\u00f1ola de Ret\u00f3rica","description":"Primera circular del VII Congreso Internacional de Ret\u00f3rica e Interdisciplina y el VIII Coloquio Nacional de Ret\u00f3rica \"Ret\u00f3rica y g\u00e9neros del discurso\"","robots":{"index":"index","follow":"follow","max-snippet":"max-snippet:-1","max-image-preview":"max-image-preview:large","max-video-preview":"max-video-preview:-1"},"canonical":"https:\/\/se-ret.org\/index.php\/2025\/02\/20\/vii-congreso-internacional-de-retorica-e-interdisciplina-y-viii-coloquio-nacional-de-retorica\/","og_locale":"es_ES","og_type":"article","og_title":"VII Congreso Internacional de Ret\u00f3rica e Interdisciplina y VIII Coloquio Nacional de Ret\u00f3rica - SE-RET. Sociedad Espa\u00f1ola de Ret\u00f3rica","og_description":"Primera circular del VII Congreso Internacional de Ret\u00f3rica e Interdisciplina y el VIII Coloquio Nacional de Ret\u00f3rica \"Ret\u00f3rica y g\u00e9neros del discurso\"","og_url":"https:\/\/se-ret.org\/index.php\/2025\/02\/20\/vii-congreso-internacional-de-retorica-e-interdisciplina-y-viii-coloquio-nacional-de-retorica\/","og_site_name":"SE-RET. Sociedad Espa\u00f1ola de Ret\u00f3rica","article_published_time":"2025-02-20T20:14:15+00:00","article_modified_time":"2025-02-20T20:18:33+00:00","og_image":[{"width":686,"height":740,"url":"https:\/\/se-ret.org\/wp-content\/uploads\/2025\/02\/Congreso-Coloquio-AAR-2025.jpg","type":"image\/jpeg"}],"twitter_card":"summary_large_image","twitter_misc":{"Escrito por":"Mar\u00eda S\u00e1nchez Sergueeva","Tiempo de lectura":"1 minuto"},"schema":{"@context":"https:\/\/schema.org","@graph":[{"@type":"WebSite","@id":"https:\/\/se-ret.org\/#website","url":"https:\/\/se-ret.org\/","name":"SE-RET. Sociedad Espa\u00f1ola de Ret\u00f3rica","description":"","potentialAction":[{"@type":"SearchAction","target":{"@type":"EntryPoint","urlTemplate":"https:\/\/se-ret.org\/?s={search_term_string}"},"query-input":"required name=search_term_string"}],"inLanguage":"es"},{"@type":"ImageObject","@id":"https:\/\/se-ret.org\/index.php\/2025\/02\/20\/vii-congreso-internacional-de-retorica-e-interdisciplina-y-viii-coloquio-nacional-de-retorica\/#primaryimage","inLanguage":"es","url":"https:\/\/se-ret.org\/wp-content\/uploads\/2025\/02\/Congreso-Coloquio-AAR-2025.jpg","contentUrl":"https:\/\/se-ret.org\/wp-content\/uploads\/2025\/02\/Congreso-Coloquio-AAR-2025.jpg","width":686,"height":740},{"@type":"WebPage","@id":"https:\/\/se-ret.org\/index.php\/2025\/02\/20\/vii-congreso-internacional-de-retorica-e-interdisciplina-y-viii-coloquio-nacional-de-retorica\/#webpage","url":"https:\/\/se-ret.org\/index.php\/2025\/02\/20\/vii-congreso-internacional-de-retorica-e-interdisciplina-y-viii-coloquio-nacional-de-retorica\/","name":"VII Congreso Internacional de Ret\u00f3rica e Interdisciplina y VIII Coloquio Nacional de Ret\u00f3rica - SE-RET. Sociedad Espa\u00f1ola de Ret\u00f3rica","isPartOf":{"@id":"https:\/\/se-ret.org\/#website"},"primaryImageOfPage":{"@id":"https:\/\/se-ret.org\/index.php\/2025\/02\/20\/vii-congreso-internacional-de-retorica-e-interdisciplina-y-viii-coloquio-nacional-de-retorica\/#primaryimage"},"datePublished":"2025-02-20T20:14:15+00:00","dateModified":"2025-02-20T20:18:33+00:00","author":{"@id":"https:\/\/se-ret.org\/#\/schema\/person\/ce54b13c4f8b7addd0aa0065af8030ec"},"description":"Primera circular del VII Congreso Internacional de Ret\u00f3rica e Interdisciplina y el VIII Coloquio Nacional de Ret\u00f3rica \"Ret\u00f3rica y g\u00e9neros del discurso\"","breadcrumb":{"@id":"https:\/\/se-ret.org\/index.php\/2025\/02\/20\/vii-congreso-internacional-de-retorica-e-interdisciplina-y-viii-coloquio-nacional-de-retorica\/#breadcrumb"},"inLanguage":"es","potentialAction":[{"@type":"ReadAction","target":["https:\/\/se-ret.org\/index.php\/2025\/02\/20\/vii-congreso-internacional-de-retorica-e-interdisciplina-y-viii-coloquio-nacional-de-retorica\/"]}]},{"@type":"BreadcrumbList","@id":"https:\/\/se-ret.org\/index.php\/2025\/02\/20\/vii-congreso-internacional-de-retorica-e-interdisciplina-y-viii-coloquio-nacional-de-retorica\/#breadcrumb","itemListElement":[{"@type":"ListItem","position":1,"name":"Portada","item":"https:\/\/se-ret.org\/index.php\/noticias\/"},{"@type":"ListItem","position":2,"name":"VII Congreso Internacional de Ret\u00f3rica e Interdisciplina y VIII Coloquio Nacional de Ret\u00f3rica"}]},{"@type":"Person","@id":"https:\/\/se-ret.org\/#\/schema\/person\/ce54b13c4f8b7addd0aa0065af8030ec","name":"Mar\u00eda S\u00e1nchez Sergueeva","url":"https:\/\/se-ret.org\/index.php\/author\/msanch65\/"}]}},"_links":{"self":[{"href":"https:\/\/se-ret.org\/index.php\/wp-json\/wp\/v2\/posts\/1676"}],"collection":[{"href":"https:\/\/se-ret.org\/index.php\/wp-json\/wp\/v2\/posts"}],"about":[{"href":"https:\/\/se-ret.org\/index.php\/wp-json\/wp\/v2\/types\/post"}],"author":[{"embeddable":true,"href":"https:\/\/se-ret.org\/index.php\/wp-json\/wp\/v2\/users\/5"}],"replies":[{"embeddable":true,"href":"https:\/\/se-ret.org\/index.php\/wp-json\/wp\/v2\/comments?post=1676"}],"version-history":[{"count":8,"href":"https:\/\/se-ret.org\/index.php\/wp-json\/wp\/v2\/posts\/1676\/revisions"}],"predecessor-version":[{"id":1691,"href":"https:\/\/se-ret.org\/index.php\/wp-json\/wp\/v2\/posts\/1676\/revisions\/1691"}],"wp:featuredmedia":[{"embeddable":true,"href":"https:\/\/se-ret.org\/index.php\/wp-json\/wp\/v2\/media\/1683"}],"wp:attachment":[{"href":"https:\/\/se-ret.org\/index.php\/wp-json\/wp\/v2\/media?parent=1676"}],"wp:term":[{"taxonomy":"category","embeddable":true,"href":"https:\/\/se-ret.org\/index.php\/wp-json\/wp\/v2\/categories?post=1676"},{"taxonomy":"post_tag","embeddable":true,"href":"https:\/\/se-ret.org\/index.php\/wp-json\/wp\/v2\/tags?post=1676"}],"curies":[{"name":"wp","href":"https:\/\/api.w.org\/{rel}","templated":true}]}}